{"id":13801,"date":"2020-12-16T10:14:42","date_gmt":"2020-12-16T13:14:42","guid":{"rendered":"https:\/\/www.todoeldia.com\/?p=13801"},"modified":"2020-12-16T10:14:43","modified_gmt":"2020-12-16T13:14:43","slug":"crece-la-preocupacion-en-el-gobierno-por-el-aumento-de-casos-en-las-marchas-populares-avaladas-por-el-ejecutivo","status":"publish","type":"post","link":"https:\/\/www.todoeldia.com\/index.php\/2020\/12\/16\/crece-la-preocupacion-en-el-gobierno-por-el-aumento-de-casos-en-las-marchas-populares-avaladas-por-el-ejecutivo\/","title":{"rendered":"Crece la preocupaci\u00f3n en el gobierno por el aumento de casos en las marchas populares avaladas por el ejecutivo"},"content":{"rendered":"\n<p>El Gobierno est\u00e1 la preocupaci\u00f3n por la suba de casos de coronavirus pero con cierta flexibilidad a la hora de organizar eventos con grandes concentraciones de gente y flexibilidad al momento de limitarlos.<\/p>\n\n\n\n<p>Tambi\u00e9n hay que agregarle otras pol\u00e9micas que se dieron en algunas provincias como la prohibici\u00f3n del ingreso de cientos de varados formose\u00f1os a su provincia, el caso Abigail en el que un padre tuvo que cargar en brazos a su hija que sufre c\u00e1ncer para traspasar el l\u00edmite entre Tucum\u00e1n y Santiago del Estero y el dram\u00e1tico caso del padre de Solange Musse, a qui\u00e9n no se le permiti\u00f3 ingresar a la provincia mediterr\u00e1nea para darle el \u00faltimo adi\u00f3s a su hija.<\/p>\n\n\n\n<p>El infect\u00f3logo Pedro Cahn, que integra el comit\u00e9 asesor sobre el coronavirus que aconseja al presidente Alberto Fern\u00e1ndez, afirm\u00f3 que \u201cestoy seguro de que estas concentraciones populares en las que hay mucha gente que no usa barbijo y que est\u00e1 saltando, cantando y gritando no ayudan para seguir disminuyendo la cantidad de casos de coronavirus\u201d.<\/p>\n\n\n\n<p>Algunos de los eventos realizados en el \u00faltimo mes que reunieron a una gran cantidad de gente en Argentina, fueron los siguientes:<\/p>\n\n\n\n<p>17 de noviembre: D\u00eda del Militante.<\/p>\n\n\n\n<p>Varias agrupaciones peronistas se movilizaron hacia el centro porte\u00f1o, donde miles de personas se concentraron frente al Congreso para conmemorar la jornada pero sin respetar el distanciamiento social que ordena el propio Gobierno.<\/p>\n\n\n\n<p>19 de noviembre: Ley de Rezonificaci\u00f3n para mudar la cancha de San Lorenzo.<\/p>\n\n\n\n<p>Miles de hinchas del equipo azulgrana se juntaron frente a la Legislatura porte\u00f1a para apoyar el proyecto de ley comunal para que el estadio del \u201cCicl\u00f3n\u201d vuelva a estar en el predio en el que hasta hace unos a\u00f1os hab\u00eda un supermercado de una de las principales cadenas a nivel global. La concentraci\u00f3n estuvo arengada por el propio presidente de San Lorenzo, Marcelo Tinelli, quien dijo que no iba a haber ning\u00fan problema sanitario.<\/p>\n\n\n\n<p>26 de noviembre: velatorio p\u00fablico de Maradona<\/p>\n\n\n\n<p>En esta concentraci\u00f3n no existi\u00f3 el m\u00e1s m\u00ednimo distanciamiento entre las miles de personas que se acercaron hasta la Casa Rosada para despedir a su \u00eddolo. Adem\u00e1s, en el medio del velorio, se produjeron graves disturbios entre la Polic\u00eda y algunos de estos fan\u00e1ticos que estaban esperando para ingresar al lugar donde estaba el ata\u00fad, lo que oblig\u00f3 concluir de apuro con el sepelio popular.<\/p>\n\n\n\n<p>Tampoco se respetaron los dos metros de distancia entre las personas que se juntaron para ver el paso del f\u00e9retro del excapit\u00e1n de la Selecci\u00f3n en su recorrido entre Balcarce 50 y el cementerio privado de la localidad bonaerense de Bella Vista donde finalmente fueron sepultados.<\/p>\n\n\n\n<p>Marcha a favor y en contra de la ley de interrupci\u00f3n voluntaria del embarazo<\/p>\n\n\n\n<p>En ambas jornadas una multitud identificada tanto con los colores verde como celeste se concentr\u00f3 frente al Congreso para apoyar o rechazar el proyecto de ley sobre el aborto legal que se debat\u00eda en la C\u00e1mara de Diputados. Si bien los dos grupos estuvieron separados por vallados que se encontraban a varios metros entre s\u00ed, dentro de los propios grupos se pudo ver claramente que casi nadie respet\u00f3 el distanciamiento social.<\/p>\n","protected":false},"excerpt":{"rendered":"<p>El Gobierno est\u00e1 la preocupaci\u00f3n por la suba de casos de coronavirus pero con cierta flexibilidad a la hora de organizar eventos con grandes concentraciones de gente y flexibilidad al momento de limitarlos. Tambi\u00e9n hay que agregarle otras pol\u00e9micas que se dieron en algunas provincias como la prohibici\u00f3n del ingreso de cientos de varados formose\u00f1os [&hellip;]<\/p>\n","protected":false},"author":2,"featured_media":13802,"comment_status":"open","ping_status":"open","sticky":false,"template":"","format":"standard","meta":{"tdm_status":"","tdm_grid_status":"","_joinchat":[],"footnotes":""},"categories":[65],"tags":[],"class_list":{"0":"post-13801","1":"post","2":"type-post","3":"status-publish","4":"format-standard","5":"has-post-thumbnail","7":"category-coronavirus"},"amp_enabled":true,"_links":{"self":[{"href":"https:\/\/www.todoeldia.com\/index.php\/wp-json\/wp\/v2\/posts\/13801","targetHints":{"allow":["GET"]}}],"collection":[{"href":"https:\/\/www.todoeldia.com\/index.php\/wp-json\/wp\/v2\/posts"}],"about":[{"href":"https:\/\/www.todoeldia.com\/index.php\/wp-json\/wp\/v2\/types\/post"}],"author":[{"embeddable":true,"href":"https:\/\/www.todoeldia.com\/index.php\/wp-json\/wp\/v2\/users\/2"}],"replies":[{"embeddable":true,"href":"https:\/\/www.todoeldia.com\/index.php\/wp-json\/wp\/v2\/comments?post=13801"}],"version-history":[{"count":1,"href":"https:\/\/www.todoeldia.com\/index.php\/wp-json\/wp\/v2\/posts\/13801\/revisions"}],"predecessor-version":[{"id":13803,"href":"https:\/\/www.todoeldia.com\/index.php\/wp-json\/wp\/v2\/posts\/13801\/revisions\/13803"}],"wp:featuredmedia":[{"embeddable":true,"href":"https:\/\/www.todoeldia.com\/index.php\/wp-json\/wp\/v2\/media\/13802"}],"wp:attachment":[{"href":"https:\/\/www.todoeldia.com\/index.php\/wp-json\/wp\/v2\/media?parent=13801"}],"wp:term":[{"taxonomy":"category","embeddable":true,"href":"https:\/\/www.todoeldia.com\/index.php\/wp-json\/wp\/v2\/categories?post=13801"},{"taxonomy":"post_tag","embeddable":true,"href":"https:\/\/www.todoeldia.com\/index.php\/wp-json\/wp\/v2\/tags?post=13801"}],"curies":[{"name":"wp","href":"https:\/\/api.w.org\/{rel}","templated":true}]}}