{"id":13813,"date":"2020-12-16T10:36:30","date_gmt":"2020-12-16T13:36:30","guid":{"rendered":"https:\/\/www.todoeldia.com\/?p=13813"},"modified":"2020-12-16T10:36:31","modified_gmt":"2020-12-16T13:36:31","slug":"se-normalizo-la-atencion-en-el-centro-de-emision-de-licencias-del-paseo-salta","status":"publish","type":"post","link":"https:\/\/www.todoeldia.com\/index.php\/2020\/12\/16\/se-normalizo-la-atencion-en-el-centro-de-emision-de-licencias-del-paseo-salta\/","title":{"rendered":"Se normaliz\u00f3 la atenci\u00f3n en el Centro de Emisi\u00f3n de Licencias del Paseo Salta"},"content":{"rendered":"\n<p>A partir de hoy se normaliza la atenci\u00f3n al p\u00fablico en el Centro de Emisi\u00f3n de Licencias (CEL) ubicado en el Paseo Salta. La misma hab\u00eda sido suspendida debido a que un empleado fue contacto estrecho de un caso de Covid-19 positivo.<\/p>\n\n\n\n<p>Dadas las medidas sanitarias y el protocolo vigente, a los catorce empleados que trabajan en dicha oficina se les realiz\u00f3 los estudios m\u00e9dicos de rigor, los cuales arrojaron resultados negativos para coronavirus.<\/p>\n\n\n\n<p>Ayer por la tarde se realiz\u00f3 la correspondiente sanitizaci\u00f3n del local.<\/p>\n\n\n\n<p>Cabe recordar que desde el 30 de noviembre se encuentran habilitados los turnos para tramitar licencias de conducir por primera vez, renovaci\u00f3n, duplicaci\u00f3n y ampliaci\u00f3n durante diciembre.<\/p>\n\n\n\n<p>Los turnos se pueden solicitar en http:\/\/municipalidadsalta.gob.ar\/licencia\/, opci\u00f3n \u201cSac\u00e1 el turno on line para realizar el tr\u00e1mite\u201d. All\u00ed se podr\u00e1 elegir si se desea hacerlo en el Centro de Emisi\u00f3n de Licencias (CEL) de Santa F\u00e9 540 o en el del Paseo Salta.<\/p>\n\n\n\n<p>Por d\u00eda se habilitar\u00e1n 80 turnos en cada CEL, de 8:30 a 20 de lunes a viernes, y los s\u00e1bados, de 9 a 12; respetando los protocolos sanitarios y el distanciamiento social.<\/p>\n","protected":false},"excerpt":{"rendered":"<p>A partir de hoy se normaliza la atenci\u00f3n al p\u00fablico en el Centro de Emisi\u00f3n de Licencias (CEL) ubicado en el Paseo Salta. La misma hab\u00eda sido suspendida debido a que un empleado fue contacto estrecho de un caso de Covid-19 positivo. Dadas las medidas sanitarias y el protocolo vigente, a los catorce empleados que [&hellip;]<\/p>\n","protected":false},"author":2,"featured_media":13814,"comment_status":"open","ping_status":"open","sticky":false,"template":"","format":"standard","meta":{"tdm_status":"","tdm_grid_status":"","_joinchat":[],"footnotes":""},"categories":[73],"tags":[],"class_list":{"0":"post-13813","1":"post","2":"type-post","3":"status-publish","4":"format-standard","5":"has-post-thumbnail","7":"category-noticias-general"},"amp_enabled":true,"_links":{"self":[{"href":"https:\/\/www.todoeldia.com\/index.php\/wp-json\/wp\/v2\/posts\/13813","targetHints":{"allow":["GET"]}}],"collection":[{"href":"https:\/\/www.todoeldia.com\/index.php\/wp-json\/wp\/v2\/posts"}],"about":[{"href":"https:\/\/www.todoeldia.com\/index.php\/wp-json\/wp\/v2\/types\/post"}],"author":[{"embeddable":true,"href":"https:\/\/www.todoeldia.com\/index.php\/wp-json\/wp\/v2\/users\/2"}],"replies":[{"embeddable":true,"href":"https:\/\/www.todoeldia.com\/index.php\/wp-json\/wp\/v2\/comments?post=13813"}],"version-history":[{"count":1,"href":"https:\/\/www.todoeldia.com\/index.php\/wp-json\/wp\/v2\/posts\/13813\/revisions"}],"predecessor-version":[{"id":13815,"href":"https:\/\/www.todoeldia.com\/index.php\/wp-json\/wp\/v2\/posts\/13813\/revisions\/13815"}],"wp:featuredmedia":[{"embeddable":true,"href":"https:\/\/www.todoeldia.com\/index.php\/wp-json\/wp\/v2\/media\/13814"}],"wp:attachment":[{"href":"https:\/\/www.todoeldia.com\/index.php\/wp-json\/wp\/v2\/media?parent=13813"}],"wp:term":[{"taxonomy":"category","embeddable":true,"href":"https:\/\/www.todoeldia.com\/index.php\/wp-json\/wp\/v2\/categories?post=13813"},{"taxonomy":"post_tag","embeddable":true,"href":"https:\/\/www.todoeldia.com\/index.php\/wp-json\/wp\/v2\/tags?post=13813"}],"curies":[{"name":"wp","href":"https:\/\/api.w.org\/{rel}","templated":true}]}}