{"id":13844,"date":"2020-12-16T13:07:49","date_gmt":"2020-12-16T16:07:49","guid":{"rendered":"https:\/\/www.todoeldia.com\/?p=13844"},"modified":"2020-12-16T13:07:50","modified_gmt":"2020-12-16T16:07:50","slug":"lanzaron-hoy-en-el-parque-san-martin-el-trailer-de-promocion-del-ente-norte-turismo","status":"publish","type":"post","link":"https:\/\/www.todoeldia.com\/index.php\/2020\/12\/16\/lanzaron-hoy-en-el-parque-san-martin-el-trailer-de-promocion-del-ente-norte-turismo\/","title":{"rendered":"Lanzaron hoy en el parque San Mart\u00edn el Tr\u00e1iler de promoci\u00f3n del Ente Norte Turismo."},"content":{"rendered":"\n<p>Estuvieron presentes los ministros de turismo de Salta, Jujuy, Tucum\u00e1n, Catamarca, La Rioja y Santiago del Estero.<\/p>\n\n\n\n<figure class=\"wp-block-image size-large\"><img loading=\"lazy\" decoding=\"async\" width=\"1024\" height=\"891\" src=\"https:\/\/www.todoeldia.com\/wp-content\/uploads\/2020\/12\/inauguracion-trailer-1024x891.jpg\" alt=\"\" class=\"wp-image-13846\" srcset=\"https:\/\/www.todoeldia.com\/wp-content\/uploads\/2020\/12\/inauguracion-trailer-1024x891.jpg 1024w, https:\/\/www.todoeldia.com\/wp-content\/uploads\/2020\/12\/inauguracion-trailer-300x261.jpg 300w, https:\/\/www.todoeldia.com\/wp-content\/uploads\/2020\/12\/inauguracion-trailer-768x668.jpg 768w, https:\/\/www.todoeldia.com\/wp-content\/uploads\/2020\/12\/inauguracion-trailer-696x606.jpg 696w, https:\/\/www.todoeldia.com\/wp-content\/uploads\/2020\/12\/inauguracion-trailer-1068x929.jpg 1068w, https:\/\/www.todoeldia.com\/wp-content\/uploads\/2020\/12\/inauguracion-trailer-483x420.jpg 483w, https:\/\/www.todoeldia.com\/wp-content\/uploads\/2020\/12\/inauguracion-trailer.jpg 1280w\" sizes=\"auto, (max-width: 1024px) 100vw, 1024px\" \/><\/figure>\n\n\n\n<p>El Tr\u00e1iler de Promoci\u00f3n recorrer\u00e1 distintas provincias argentinas. Se destac\u00f3 en la oportunidad que el turismo en la industria generadora de empleos directos e indirectos, mueve la econom\u00eda regional y va a producir la reestructuraci\u00f3n econ\u00f3mica del norte del pa\u00eds.<\/p>\n","protected":false},"excerpt":{"rendered":"<p>Estuvieron presentes los ministros de turismo de Salta, Jujuy, Tucum\u00e1n, Catamarca, La Rioja y Santiago del Estero. El Tr\u00e1iler de Promoci\u00f3n recorrer\u00e1 distintas provincias argentinas. Se destac\u00f3 en la oportunidad que el turismo en la industria generadora de empleos directos e indirectos, mueve la econom\u00eda regional y va a producir la reestructuraci\u00f3n econ\u00f3mica del norte [&hellip;]<\/p>\n","protected":false},"author":2,"featured_media":13845,"comment_status":"open","ping_status":"open","sticky":false,"template":"","format":"standard","meta":{"tdm_status":"","tdm_grid_status":"","_joinchat":[],"footnotes":""},"categories":[73],"tags":[],"class_list":{"0":"post-13844","1":"post","2":"type-post","3":"status-publish","4":"format-standard","5":"has-post-thumbnail","7":"category-noticias-general"},"amp_enabled":true,"_links":{"self":[{"href":"https:\/\/www.todoeldia.com\/index.php\/wp-json\/wp\/v2\/posts\/13844","targetHints":{"allow":["GET"]}}],"collection":[{"href":"https:\/\/www.todoeldia.com\/index.php\/wp-json\/wp\/v2\/posts"}],"about":[{"href":"https:\/\/www.todoeldia.com\/index.php\/wp-json\/wp\/v2\/types\/post"}],"author":[{"embeddable":true,"href":"https:\/\/www.todoeldia.com\/index.php\/wp-json\/wp\/v2\/users\/2"}],"replies":[{"embeddable":true,"href":"https:\/\/www.todoeldia.com\/index.php\/wp-json\/wp\/v2\/comments?post=13844"}],"version-history":[{"count":1,"href":"https:\/\/www.todoeldia.com\/index.php\/wp-json\/wp\/v2\/posts\/13844\/revisions"}],"predecessor-version":[{"id":13847,"href":"https:\/\/www.todoeldia.com\/index.php\/wp-json\/wp\/v2\/posts\/13844\/revisions\/13847"}],"wp:featuredmedia":[{"embeddable":true,"href":"https:\/\/www.todoeldia.com\/index.php\/wp-json\/wp\/v2\/media\/13845"}],"wp:attachment":[{"href":"https:\/\/www.todoeldia.com\/index.php\/wp-json\/wp\/v2\/media?parent=13844"}],"wp:term":[{"taxonomy":"category","embeddable":true,"href":"https:\/\/www.todoeldia.com\/index.php\/wp-json\/wp\/v2\/categories?post=13844"},{"taxonomy":"post_tag","embeddable":true,"href":"https:\/\/www.todoeldia.com\/index.php\/wp-json\/wp\/v2\/tags?post=13844"}],"curies":[{"name":"wp","href":"https:\/\/api.w.org\/{rel}","templated":true}]}}