{"id":13848,"date":"2020-12-16T13:18:22","date_gmt":"2020-12-16T16:18:22","guid":{"rendered":"https:\/\/www.todoeldia.com\/?p=13848"},"modified":"2020-12-16T13:18:23","modified_gmt":"2020-12-16T16:18:23","slug":"clausuraron-en-la-merced-la-sandwicheria-denunciada-por-la-muerte-del-nino-de-4-anos","status":"publish","type":"post","link":"https:\/\/www.todoeldia.com\/index.php\/2020\/12\/16\/clausuraron-en-la-merced-la-sandwicheria-denunciada-por-la-muerte-del-nino-de-4-anos\/","title":{"rendered":"Clausuraron en La Merced la s\u00e1ndwicheria denunciada por la muerte del ni\u00f1o de 4 a\u00f1os"},"content":{"rendered":"\n<p>En el marco de una causa iniciada a ra\u00edz del fallecimiento de un menor de 4 a\u00f1os, la jueza de Garant\u00edas 8, Claudia Puertas, orden\u00f3 la clausura preventiva de un local de venta de s\u00e1ndwich de la localidad de La Merced, e impuso consigna policial en el lugar.<\/p>\n\n\n\n<p>La causa inici\u00f3 por la denuncia de la madre del menor, que puso en conocimiento que su hijo de 4 a\u00f1os falleci\u00f3 el pasado 11 de diciembre en el hospital Materno Infantil, por una insuficiencia renal cr\u00f3nica aguda, con diagn\u00f3stico de S\u00edndrome Ur\u00e9mico Hemol\u00edtico. La mujer dijo que la \u00faltima comida que su hijo ingiri\u00f3 fue en el mes de noviembre, cuando lo llev\u00f3 a comer un s\u00faper pancho con aderezos a un local de venta de s\u00e1ndwich. A partir de all\u00ed comenz\u00f3 con v\u00f3mitos y diarrea. Agreg\u00f3 que los m\u00e9dicos le dijeron que hab\u00eda contra\u00eddo adenovirus y rotavirus.<\/p>\n\n\n\n<p>El fiscal de Graves Atentados contra las Personas interviniente solicit\u00f3 a la jueza la producci\u00f3n de medidas investigativas tendientes a esclarecer el hecho denunciado.<\/p>\n","protected":false},"excerpt":{"rendered":"<p>En el marco de una causa iniciada a ra\u00edz del fallecimiento de un menor de 4 a\u00f1os, la jueza de Garant\u00edas 8, Claudia Puertas, orden\u00f3 la clausura preventiva de un local de venta de s\u00e1ndwich de la localidad de La Merced, e impuso consigna policial en el lugar. La causa inici\u00f3 por la denuncia de [&hellip;]<\/p>\n","protected":false},"author":2,"featured_media":13849,"comment_status":"open","ping_status":"open","sticky":false,"template":"","format":"standard","meta":{"tdm_status":"","tdm_grid_status":"","_joinchat":[],"footnotes":""},"categories":[73],"tags":[],"class_list":{"0":"post-13848","1":"post","2":"type-post","3":"status-publish","4":"format-standard","5":"has-post-thumbnail","7":"category-noticias-general"},"amp_enabled":true,"_links":{"self":[{"href":"https:\/\/www.todoeldia.com\/index.php\/wp-json\/wp\/v2\/posts\/13848","targetHints":{"allow":["GET"]}}],"collection":[{"href":"https:\/\/www.todoeldia.com\/index.php\/wp-json\/wp\/v2\/posts"}],"about":[{"href":"https:\/\/www.todoeldia.com\/index.php\/wp-json\/wp\/v2\/types\/post"}],"author":[{"embeddable":true,"href":"https:\/\/www.todoeldia.com\/index.php\/wp-json\/wp\/v2\/users\/2"}],"replies":[{"embeddable":true,"href":"https:\/\/www.todoeldia.com\/index.php\/wp-json\/wp\/v2\/comments?post=13848"}],"version-history":[{"count":1,"href":"https:\/\/www.todoeldia.com\/index.php\/wp-json\/wp\/v2\/posts\/13848\/revisions"}],"predecessor-version":[{"id":13850,"href":"https:\/\/www.todoeldia.com\/index.php\/wp-json\/wp\/v2\/posts\/13848\/revisions\/13850"}],"wp:featuredmedia":[{"embeddable":true,"href":"https:\/\/www.todoeldia.com\/index.php\/wp-json\/wp\/v2\/media\/13849"}],"wp:attachment":[{"href":"https:\/\/www.todoeldia.com\/index.php\/wp-json\/wp\/v2\/media?parent=13848"}],"wp:term":[{"taxonomy":"category","embeddable":true,"href":"https:\/\/www.todoeldia.com\/index.php\/wp-json\/wp\/v2\/categories?post=13848"},{"taxonomy":"post_tag","embeddable":true,"href":"https:\/\/www.todoeldia.com\/index.php\/wp-json\/wp\/v2\/tags?post=13848"}],"curies":[{"name":"wp","href":"https:\/\/api.w.org\/{rel}","templated":true}]}}