{"id":13855,"date":"2020-12-16T19:22:03","date_gmt":"2020-12-16T22:22:03","guid":{"rendered":"https:\/\/www.todoeldia.com\/?p=13855"},"modified":"2020-12-16T19:22:04","modified_gmt":"2020-12-16T22:22:04","slug":"prision-perpetua-para-los-tres-homicidas-del-anciano-en-yrigoyen","status":"publish","type":"post","link":"https:\/\/www.todoeldia.com\/index.php\/2020\/12\/16\/prision-perpetua-para-los-tres-homicidas-del-anciano-en-yrigoyen\/","title":{"rendered":"Prisi\u00f3n perpetua para los tres homicidas del anciano en Yrigoyen"},"content":{"rendered":"\n<p>Los tres mayores, acusados del homicidio calificado de Juan \u00c1ngel Parada, fueron condenados a la pena m\u00e1xima del C\u00f3digo Penal y la menor acusada, fue declarada penalmente responsable.<\/p>\n\n\n\n<p>Los tres mayores, acusados del homicidio calificado de Juan \u00c1ngel Parada, fueron condenados a la pena m\u00e1xima del C\u00f3digo Penal y la menor acusada, fue declarada penalmente responsable.<\/p>\n\n\n\n<p>La fiscal penal de la Unidad de Graves Atentados contra las Personas de Or\u00e1n, Claudia Carreras, solicit\u00f3 en los alegatos, la aplicaci\u00f3n de la pena de prisi\u00f3n perpetua para Rosario Beatriz Franco, Leonardo Fabi\u00e1n Vazquez, \u00c1lvaro Carlos Ramiro Cuellar y la declaraci\u00f3n de responsabilidad penal una menor de edad por el homicidio de Juan \u00c1ngel Parada, de 75 a\u00f1os.<\/p>\n\n\n\n<p>El hecho se produjo el 17 de abril de 2019 en el barrio 83 viviendas de Hip\u00f3lito Yrigoyen, donde el septuagenario fue encontrado sin vida en el interior de la vivienda por su hija, con heridas de arma blanca en distintas zonas del cuerpo.<\/p>\n\n\n\n<p>El juez Aldo Primucci, de la Sala I del Tribunal de Juicio de Or\u00e1n, dio a conocer este mi\u00e9rcoles el veredicto, donde impone la pena de prisi\u00f3n perpetua para los tres imputados mayores de edad, como coautores del delito de homicidio calificado por alevos\u00eda y por la participaci\u00f3n de un menor. La menor acusada fue declarada penalmente responsable como autora del delito de homicidio calificado por alevos\u00eda.<\/p>\n\n\n\n<p>En el mismo fallo, se dispuso que se les extraiga a los condenados, material gen\u00e9tico por parte del Servicio de Biolog\u00eda Molecular del Departamento T\u00e9cnico del Cuerpo de Investigaciones Fiscales (CIF), previa asignaci\u00f3n del Dato \u00fanico de Identificaci\u00f3n Gen\u00e9tica (DUIG), para su incorporaci\u00f3n en el Banco de Datos Gen\u00e9ticos.<\/p>\n","protected":false},"excerpt":{"rendered":"<p>Los tres mayores, acusados del homicidio calificado de Juan \u00c1ngel Parada, fueron condenados a la pena m\u00e1xima del C\u00f3digo Penal y la menor acusada, fue declarada penalmente responsable. Los tres mayores, acusados del homicidio calificado de Juan \u00c1ngel Parada, fueron condenados a la pena m\u00e1xima del C\u00f3digo Penal y la menor acusada, fue declarada penalmente [&hellip;]<\/p>\n","protected":false},"author":2,"featured_media":13856,"comment_status":"open","ping_status":"open","sticky":false,"template":"","format":"standard","meta":{"tdm_status":"","tdm_grid_status":"","_joinchat":[],"footnotes":""},"categories":[73],"tags":[],"class_list":{"0":"post-13855","1":"post","2":"type-post","3":"status-publish","4":"format-standard","5":"has-post-thumbnail","7":"category-noticias-general"},"amp_enabled":true,"_links":{"self":[{"href":"https:\/\/www.todoeldia.com\/index.php\/wp-json\/wp\/v2\/posts\/13855","targetHints":{"allow":["GET"]}}],"collection":[{"href":"https:\/\/www.todoeldia.com\/index.php\/wp-json\/wp\/v2\/posts"}],"about":[{"href":"https:\/\/www.todoeldia.com\/index.php\/wp-json\/wp\/v2\/types\/post"}],"author":[{"embeddable":true,"href":"https:\/\/www.todoeldia.com\/index.php\/wp-json\/wp\/v2\/users\/2"}],"replies":[{"embeddable":true,"href":"https:\/\/www.todoeldia.com\/index.php\/wp-json\/wp\/v2\/comments?post=13855"}],"version-history":[{"count":1,"href":"https:\/\/www.todoeldia.com\/index.php\/wp-json\/wp\/v2\/posts\/13855\/revisions"}],"predecessor-version":[{"id":13857,"href":"https:\/\/www.todoeldia.com\/index.php\/wp-json\/wp\/v2\/posts\/13855\/revisions\/13857"}],"wp:featuredmedia":[{"embeddable":true,"href":"https:\/\/www.todoeldia.com\/index.php\/wp-json\/wp\/v2\/media\/13856"}],"wp:attachment":[{"href":"https:\/\/www.todoeldia.com\/index.php\/wp-json\/wp\/v2\/media?parent=13855"}],"wp:term":[{"taxonomy":"category","embeddable":true,"href":"https:\/\/www.todoeldia.com\/index.php\/wp-json\/wp\/v2\/categories?post=13855"},{"taxonomy":"post_tag","embeddable":true,"href":"https:\/\/www.todoeldia.com\/index.php\/wp-json\/wp\/v2\/tags?post=13855"}],"curies":[{"name":"wp","href":"https:\/\/api.w.org\/{rel}","templated":true}]}}