{"id":13861,"date":"2020-12-16T19:38:56","date_gmt":"2020-12-16T22:38:56","guid":{"rendered":"https:\/\/www.todoeldia.com\/?p=13861"},"modified":"2020-12-16T19:38:57","modified_gmt":"2020-12-16T22:38:57","slug":"ante-la-denuncia-de-vecinos-paralizaron-la-planta-de-fundicion-de-cerrillos","status":"publish","type":"post","link":"https:\/\/www.todoeldia.com\/index.php\/2020\/12\/16\/ante-la-denuncia-de-vecinos-paralizaron-la-planta-de-fundicion-de-cerrillos\/","title":{"rendered":"Ante la denuncia de vecinos paralizaron la planta de fundici\u00f3n de Cerrillos"},"content":{"rendered":"\n<p>De manera precautoria, la Secretar\u00eda de Ambiente de la Provincia orden\u00f3 la paralizaci\u00f3n inmediata de las obras que se llevaban a cabo para la instalaci\u00f3n de una planta de fundici\u00f3n de metales.<\/p>\n\n\n\n<p>La Secretar\u00eda de Ambiente y Desarrollo Sustentable dependiente del Ministerio de Producci\u00f3n y Desarrollo Sustentable de la Provincia, orden\u00f3 la inmediata paralizaci\u00f3n de las obras que se llevaban adelante con el objeto de instalar una planta de fundici\u00f3n de metales, lindero al barrio Los Pinares I y II de la localidad de Cerrillos.<\/p>\n\n\n\n<p>La acci\u00f3n se concret\u00f3, ante las denuncias de vecinos y luego de que la direcci\u00f3n de Fiscalizaci\u00f3n y Control constatara el inicio de las obras, mediante una inspecci\u00f3n a campo. Se sum\u00f3, adem\u00e1s, la presentaci\u00f3n al respecto que realiz\u00f3 el diputado por Cerrillos, Gonzalo Caro.<\/p>\n\n\n\n<p>Tras el pedido de informaci\u00f3n a la Municipalidad y la imposibilidad de acceder a los datos requeridos, el organismo Provincial resolvi\u00f3 aplicar el principio precautorio del art\u00edculo 4 de la Ley de Protecci\u00f3n Ambiental N\u00ba 7070.<\/p>\n\n\n\n<p>Dicho principio indica que cuando haya peligro de da\u00f1o grave o irreversible, incluso ante la ausencia de informaci\u00f3n o certeza cient\u00edfica, deber\u00e1n tomarse medidas eficaces para impedir la degradaci\u00f3n del ambiente.<\/p>\n\n\n\n<p>Asimismo, se puso en conocimiento a la Secretar\u00eda de Industria para su intervenci\u00f3n.<\/p>\n","protected":false},"excerpt":{"rendered":"<p>De manera precautoria, la Secretar\u00eda de Ambiente de la Provincia orden\u00f3 la paralizaci\u00f3n inmediata de las obras que se llevaban a cabo para la instalaci\u00f3n de una planta de fundici\u00f3n de metales. La Secretar\u00eda de Ambiente y Desarrollo Sustentable dependiente del Ministerio de Producci\u00f3n y Desarrollo Sustentable de la Provincia, orden\u00f3 la inmediata paralizaci\u00f3n de [&hellip;]<\/p>\n","protected":false},"author":2,"featured_media":13862,"comment_status":"open","ping_status":"open","sticky":false,"template":"","format":"standard","meta":{"tdm_status":"","tdm_grid_status":"","_joinchat":[],"footnotes":""},"categories":[73],"tags":[],"class_list":{"0":"post-13861","1":"post","2":"type-post","3":"status-publish","4":"format-standard","5":"has-post-thumbnail","7":"category-noticias-general"},"amp_enabled":true,"_links":{"self":[{"href":"https:\/\/www.todoeldia.com\/index.php\/wp-json\/wp\/v2\/posts\/13861","targetHints":{"allow":["GET"]}}],"collection":[{"href":"https:\/\/www.todoeldia.com\/index.php\/wp-json\/wp\/v2\/posts"}],"about":[{"href":"https:\/\/www.todoeldia.com\/index.php\/wp-json\/wp\/v2\/types\/post"}],"author":[{"embeddable":true,"href":"https:\/\/www.todoeldia.com\/index.php\/wp-json\/wp\/v2\/users\/2"}],"replies":[{"embeddable":true,"href":"https:\/\/www.todoeldia.com\/index.php\/wp-json\/wp\/v2\/comments?post=13861"}],"version-history":[{"count":1,"href":"https:\/\/www.todoeldia.com\/index.php\/wp-json\/wp\/v2\/posts\/13861\/revisions"}],"predecessor-version":[{"id":13863,"href":"https:\/\/www.todoeldia.com\/index.php\/wp-json\/wp\/v2\/posts\/13861\/revisions\/13863"}],"wp:featuredmedia":[{"embeddable":true,"href":"https:\/\/www.todoeldia.com\/index.php\/wp-json\/wp\/v2\/media\/13862"}],"wp:attachment":[{"href":"https:\/\/www.todoeldia.com\/index.php\/wp-json\/wp\/v2\/media?parent=13861"}],"wp:term":[{"taxonomy":"category","embeddable":true,"href":"https:\/\/www.todoeldia.com\/index.php\/wp-json\/wp\/v2\/categories?post=13861"},{"taxonomy":"post_tag","embeddable":true,"href":"https:\/\/www.todoeldia.com\/index.php\/wp-json\/wp\/v2\/tags?post=13861"}],"curies":[{"name":"wp","href":"https:\/\/api.w.org\/{rel}","templated":true}]}}