{"id":13920,"date":"2020-12-17T20:29:21","date_gmt":"2020-12-17T23:29:21","guid":{"rendered":"https:\/\/www.todoeldia.com\/?p=13920"},"modified":"2020-12-17T20:29:22","modified_gmt":"2020-12-17T23:29:22","slug":"salta-notifico-53-nuevos-casos-de-coronavirus","status":"publish","type":"post","link":"https:\/\/www.todoeldia.com\/index.php\/2020\/12\/17\/salta-notifico-53-nuevos-casos-de-coronavirus\/","title":{"rendered":"Salta notific\u00f3 53 nuevos casos de coronavirus."},"content":{"rendered":"\n<p>El Ministerio de Salud P\u00fablica inform\u00f3 hoy que Salta registro en las \u00faltimas 24 horas 53 nuevos casos positivos de coronavirus.<\/p>\n\n\n\n<p>De esos contagios Salta sumo 32, Or\u00e1n 5 y Met\u00e1n 4. Se notific\u00f3 una persona fallecida.<\/p>\n\n\n\n<p>Desde el inicio de la pandemia, en la Provincia suman 21.548 los casos confirmados, de los cuales ya se han recuperado 19.041 lo que representa el 88%. Hay 83 pacientes internados en unidades de terapia intensiva, 20 con asistencia respiratoria mec\u00e1nica.<\/p>\n\n\n\n<p>A la fecha, los decesos suman 1008.<\/p>\n\n\n\n<figure class=\"wp-block-table\"><table><tbody><tr><td><strong>Fecha: 17\/12\/2020 <\/strong><\/td><\/tr><tr><td><strong>Casos COVID-19 de residentes en la Provincia de Salta<\/strong><\/td><\/tr><tr><td><strong>Departamento<\/strong><\/td><td><strong>Casos Nuevos&nbsp;<\/strong><\/td><td><strong>Casos Acumulados<\/strong><\/td><\/tr><tr><td>Anta<\/td><td>6<\/td><td>637<\/td><\/tr><tr><td>Cachi<\/td><td>0<\/td><td>87<\/td><\/tr><tr><td>Cafayate<\/td><td>0<\/td><td>477<\/td><\/tr><tr><td>Capital<\/td><td>32<\/td><td>10328<\/td><\/tr><tr><td>Cerrillos<\/td><td>2<\/td><td>952<\/td><\/tr><tr><td>Chicoana<\/td><td>0<\/td><td>312<\/td><\/tr><tr><td>Gral. G\u00fcemes<\/td><td>0<\/td><td>1181<\/td><\/tr><tr><td>Gral. San Mart\u00edn<\/td><td>0<\/td><td>2093<\/td><\/tr><tr><td>Guachipas<\/td><td>0<\/td><td>37<\/td><\/tr><tr><td>Iruya&nbsp;<\/td><td>0<\/td><td>113<\/td><\/tr><tr><td>La Caldera<\/td><td>0<\/td><td>239<\/td><\/tr><tr><td>La Candelaria<\/td><td>0<\/td><td>32<\/td><\/tr><tr><td>La Poma<\/td><td>0<\/td><td>35<\/td><\/tr><tr><td>La Vi\u00f1a<\/td><td>0<\/td><td>220<\/td><\/tr><tr><td>Los Andes<\/td><td>1<\/td><td>228<\/td><\/tr><tr><td>Met\u00e1n<\/td><td>4<\/td><td>492<\/td><\/tr><tr><td>Molinos<\/td><td>0<\/td><td>64<\/td><\/tr><tr><td>Or\u00e1n<\/td><td>5<\/td><td>2521<\/td><\/tr><tr><td>Rivadavia<\/td><td>0<\/td><td>233<\/td><\/tr><tr><td>Rosario de la Frontera<\/td><td>1<\/td><td>208<\/td><\/tr><tr><td>Rosario de Lerma<\/td><td>2<\/td><td>868<\/td><\/tr><tr><td>San Carlos<\/td><td>0<\/td><td>144<\/td><\/tr><tr><td>Santa Victoria<\/td><td>0<\/td><td>47<\/td><\/tr><tr><td><strong>TOTAL<\/strong><\/td><td><strong>53<\/strong><\/td><td><strong>21548<\/strong><\/td><\/tr><\/tbody><\/table><\/figure>\n\n\n\n<figure class=\"wp-block-table\"><table><tbody><tr><td><strong>COVID-19. Notificaci\u00f3n de casos confirmados<br>por Departamento y Localidad de residencia<\/strong><\/td><\/tr><tr><td><strong>Fecha de Actualizaci\u00f3n: 17\/12\/2020<\/strong><\/td><\/tr><tr><td><strong>Departamento\/Localidad<\/strong><\/td><td><strong>Casos notificados&nbsp;<\/strong><\/td><td><strong>Total de casos acumulados<\/strong><\/td><\/tr><tr><td><strong>DEPARTAMENTO ANTA<\/strong><\/td><td><strong>6<\/strong><\/td><td><strong>637<\/strong><\/td><\/tr><tr><td>AGUA CALIENTE<\/td><td>0<\/td><td>1<\/td><\/tr><tr><td>APOLINARIO SARAVIA<\/td><td>0<\/td><td>123<\/td><\/tr><tr><td>CEIBALITO<\/td><td>0<\/td><td>0<\/td><\/tr><tr><td>CORONEL MOLLINEDO<\/td><td>0<\/td><td>7<\/td><\/tr><tr><td>CORONEL OLLEROS<\/td><td>0<\/td><td>3<\/td><\/tr><tr><td>EL QUEBRACHAL<\/td><td>1<\/td><td>39<\/td><\/tr><tr><td>GAONA<\/td><td>0<\/td><td>5<\/td><\/tr><tr><td>GENERAL PIZARRO<\/td><td>0<\/td><td>9<\/td><\/tr><tr><td>JOAQUIN V. GONZALEZ<\/td><td>5<\/td><td>315<\/td><\/tr><tr><td>LAGUNA BLANCA<\/td><td>0<\/td><td>0<\/td><\/tr><tr><td>LAS LAJITAS<\/td><td>0<\/td><td>121<\/td><\/tr><tr><td>NUESTRA SE\u00d1ORA DE TALAVERA<\/td><td>0<\/td><td>4<\/td><\/tr><tr><td>PIQUETE CABADO<\/td><td>0<\/td><td>1<\/td><\/tr><tr><td>RIO DEL VALLE<\/td><td>0<\/td><td>9<\/td><\/tr><tr><td>TOLLOCHE<\/td><td>0<\/td><td>0<\/td><\/tr><tr><td><strong>DEPARTAMENTO CACHI<\/strong><\/td><td><strong>0<\/strong><\/td><td><strong>87<\/strong><\/td><\/tr><tr><td>CACHI<\/td><td>0<\/td><td>64<\/td><\/tr><tr><td>EL BARRIAL<\/td><td>0<\/td><td>1<\/td><\/tr><tr><td>PAYOGASTA<\/td><td>0<\/td><td>22<\/td><\/tr><tr><td><strong>DEPARTAMENTO CAFAYATE<\/strong><\/td><td>0<\/td><td><strong>477<\/strong><\/td><\/tr><tr><td>CAFAYATE<\/td><td>0<\/td><td>476<\/td><\/tr><tr><td>DIVISADERO<\/td><td>0<\/td><td>1<\/td><\/tr><tr><td>LAS CONCHAS<\/td><td>0<\/td><td>0<\/td><\/tr><tr><td>TOLOMBOM<\/td><td>0<\/td><td>0<\/td><\/tr><tr><td><strong>DEPARTAMENTO CAPITAL<\/strong><\/td><td><strong>32<\/strong><\/td><td><strong>10328<\/strong><\/td><\/tr><tr><td>ATOCHA<\/td><td>0<\/td><td>18<\/td><\/tr><tr><td>CASTELLANOS<\/td><td>0<\/td><td>3<\/td><\/tr><tr><td>LA CIENAGA<\/td><td>0<\/td><td>1<\/td><\/tr><tr><td>SALTA<\/td><td>32<\/td><td>9892<\/td><\/tr><tr><td>VILLA SAN LORENZO<\/td><td>0<\/td><td>414<\/td><\/tr><tr><td><strong>DEPARTAMENTO CERRILLOS<\/strong><\/td><td><strong>2<\/strong><\/td><td><strong>952<\/strong><\/td><\/tr><tr><td>CERRILLOS<\/td><td>2<\/td><td>640<\/td><\/tr><tr><td>LA ISLA<\/td><td>0<\/td><td>3<\/td><\/tr><tr><td>LA MERCED<\/td><td>0<\/td><td>279<\/td><\/tr><tr><td>SAN AGUSTIN<\/td><td>0<\/td><td>30<\/td><\/tr><tr><td><strong>DEPARTAMENTO CHICOANA<\/strong><\/td><td><strong>0<\/strong><\/td><td><strong>312<\/strong><\/td><\/tr><tr><td>AGUA NEGRA<\/td><td>0<\/td><td>0<\/td><\/tr><tr><td>BARRIO LA ROTONDA<\/td><td>0<\/td><td>0<\/td><\/tr><tr><td>CHICOANA<\/td><td>0<\/td><td>130<\/td><\/tr><tr><td>EL CARRIL<\/td><td>0<\/td><td>179<\/td><\/tr><tr><td>EL MOLLAR<\/td><td>0<\/td><td>3<\/td><\/tr><tr><td><strong>DEPARTAMENTO GENERAL G\u00dcEMES<\/strong><\/td><td><strong>0<\/strong><\/td><td><strong>1181<\/strong><\/td><\/tr><tr><td>BETANIA<\/td><td>0<\/td><td>3<\/td><\/tr><tr><td>CAMPO SANTO<\/td><td>0<\/td><td>192<\/td><\/tr><tr><td>COBOS<\/td><td>0<\/td><td>8<\/td><\/tr><tr><td>EL BORDO<\/td><td>0<\/td><td>137<\/td><\/tr><tr><td>EL PRADO<\/td><td>0<\/td><td>1<\/td><\/tr><tr><td>EL SAUCE<\/td><td>0<\/td><td>1<\/td><\/tr><tr><td>GENERAL GUEMES<\/td><td>0<\/td><td>839<\/td><\/tr><tr><td><strong>DEPARTAMENTO SAN MART\u00cdN<\/strong><\/td><td><strong>0<\/strong><\/td><td><strong>2093<\/strong><\/td><\/tr><tr><td>ACAMBUCO<\/td><td>0<\/td><td>3<\/td><\/tr><tr><td>AGUARAY<\/td><td>0<\/td><td>311<\/td><\/tr><tr><td>CAMPAMENTO VESPUCIO<\/td><td>0<\/td><td>14<\/td><\/tr><tr><td>CAMPICHUELO<\/td><td>0<\/td><td>2<\/td><\/tr><tr><td>CAMPO DURAN<\/td><td>0<\/td><td>2<\/td><\/tr><tr><td>CARBONCITO<\/td><td>0<\/td><td>3<\/td><\/tr><tr><td>CORONEL CORNEJO<\/td><td>0<\/td><td>1<\/td><\/tr><tr><td>DRAGONES<\/td><td>0<\/td><td>7<\/td><\/tr><tr><td>EMBARCACION<\/td><td>0<\/td><td>199<\/td><\/tr><tr><td>GENERAL BALLIVIAN<\/td><td>0<\/td><td>16<\/td><\/tr><tr><td>GENERAL MOSCONI<\/td><td>0<\/td><td>168<\/td><\/tr><tr><td>HICKMAN<\/td><td>0<\/td><td>6<\/td><\/tr><tr><td>PADRE LOZANO<\/td><td>0<\/td><td>1<\/td><\/tr><tr><td>PIQUIRENDA<\/td><td>0<\/td><td>1<\/td><\/tr><tr><td>PROFESOR SALVADOR MAZZA<\/td><td>0<\/td><td>374<\/td><\/tr><tr><td>RECAREDO<\/td><td>0<\/td><td>0<\/td><\/tr><tr><td>TARTAGAL<\/td><td>0<\/td><td>985<\/td><\/tr><tr><td><strong>DEPARTAMENTO GUACHIPAS<\/strong><\/td><td><strong>0<\/strong><\/td><td><strong>37<\/strong><\/td><\/tr><tr><td>GUACHIPAS<\/td><td>0<\/td><td>37<\/td><\/tr><tr><td><strong>DEPARTAMENTO IRUYA&nbsp;<\/strong><\/td><td><strong>0<\/strong><\/td><td><strong>113<\/strong><\/td><\/tr><tr><td>ABRA DE ARAGUYOC<\/td><td>0<\/td><td>0<\/td><\/tr><tr><td>ABRA DEL SAUCE<\/td><td>0<\/td><td>0<\/td><\/tr><tr><td>COLANZULI<\/td><td>0<\/td><td>0<\/td><\/tr><tr><td>IRUYA&nbsp;<\/td><td>0<\/td><td>61<\/td><\/tr><tr><td>ISLA DE CA\u00d1AS<\/td><td>0<\/td><td>51<\/td><\/tr><tr><td>LA MESADA GRANDE<\/td><td>0<\/td><td>1<\/td><\/tr><tr><td><strong>DEPARTAMENTO LA CALDERA<\/strong><\/td><td><strong>0<\/strong><\/td><td><strong>239<\/strong><\/td><\/tr><tr><td>CAMPO ALEGRE<\/td><td>0<\/td><td>0<\/td><\/tr><tr><td>LA CALDERA<\/td><td>0<\/td><td>59<\/td><\/tr><tr><td>LA CALDERILLA<\/td><td>0<\/td><td>1<\/td><\/tr><tr><td>VAQUEROS<\/td><td>0<\/td><td>179<\/td><\/tr><tr><td><strong>DEPARTAMENTO LA CANDELARIA<\/strong><\/td><td><strong>0<\/strong><\/td><td><strong>32<\/strong><\/td><\/tr><tr><td>EL JARDIN<\/td><td>0<\/td><td>0<\/td><\/tr><tr><td>EL TALA<\/td><td>0<\/td><td>25<\/td><\/tr><tr><td>LA CANDELARIA<\/td><td>0<\/td><td>7<\/td><\/tr><tr><td><strong>DEPARTAMENTO LA POMA<\/strong><\/td><td><strong>0<\/strong><\/td><td><strong>35<\/strong><\/td><\/tr><tr><td>CERRO NEGRO<\/td><td>0<\/td><td>0<\/td><\/tr><tr><td>COBRES<\/td><td>0<\/td><td>0<\/td><\/tr><tr><td>EL RODEO<\/td><td>0<\/td><td>1<\/td><\/tr><tr><td>LA POMA<\/td><td>0<\/td><td>34<\/td><\/tr><tr><td><strong>DEPARTAMENTO LA VI\u00d1A<\/strong><\/td><td><strong>0<\/strong><\/td><td><strong>220<\/strong><\/td><\/tr><tr><td>AMPASCACHI<\/td><td>0<\/td><td>0<\/td><\/tr><tr><td>CORONEL MOLDES<\/td><td>0<\/td><td>168<\/td><\/tr><tr><td>LA VI\u00d1A<\/td><td>0<\/td><td>41<\/td><\/tr><tr><td>TALAPAMPA<\/td><td>0<\/td><td>11<\/td><\/tr><tr><td><strong>DEPARTAMENTO LOS ANDES<\/strong><\/td><td><strong>1<\/strong><\/td><td><strong>228<\/strong><\/td><\/tr><tr><td>OLACAPATO<\/td><td>0<\/td><td>3<\/td><\/tr><tr><td>SALAR DE POCITOS<\/td><td>0<\/td><td>0<\/td><\/tr><tr><td>SAN ANTONIO DE LOS COBRES<\/td><td>1<\/td><td>197<\/td><\/tr><tr><td>SANTA ROSA DE LOS PASTOS GRANDES<\/td><td>0<\/td><td>7<\/td><\/tr><tr><td>TOLAR GRANDE<\/td><td>0<\/td><td>21<\/td><\/tr><tr><td><strong>DEPARTAMENTO MET\u00c1N<\/strong><\/td><td><strong>4<\/strong><\/td><td><strong>492<\/strong><\/td><\/tr><tr><td>AGUA BLANCA<\/td><td>0<\/td><td>3<\/td><\/tr><tr><td>EL GALPON<\/td><td>0<\/td><td>58<\/td><\/tr><tr><td>EL TUNAL<\/td><td>0<\/td><td>3<\/td><\/tr><tr><td>EL VALLECITO<\/td><td>0<\/td><td>0<\/td><\/tr><tr><td>LAGUNITA<\/td><td>0<\/td><td>0<\/td><\/tr><tr><td>LUMBRERAS<\/td><td>0<\/td><td>3<\/td><\/tr><tr><td>METAN VIEJO<\/td><td>0<\/td><td>12<\/td><\/tr><tr><td>RIO PIEDRAS<\/td><td>0<\/td><td>19<\/td><\/tr><tr><td>SAN JOSE DE METAN<\/td><td>4<\/td><td>394<\/td><\/tr><tr><td><strong>DEPARTAMENTO MOLINOS<\/strong><\/td><td><strong>0<\/strong><\/td><td><strong>64<\/strong><\/td><\/tr><tr><td>ALUMBRE<\/td><td>0<\/td><td>2<\/td><\/tr><tr><td>COLOME<\/td><td>0<\/td><td>1<\/td><\/tr><tr><td>LA PUERTA<\/td><td>0<\/td><td>9<\/td><\/tr><tr><td>LURACATAO<\/td><td>0<\/td><td>4<\/td><\/tr><tr><td>MOLINOS<\/td><td>0<\/td><td>24<\/td><\/tr><tr><td>SECLANTAS<\/td><td>0<\/td><td>23<\/td><\/tr><tr><td>SECLANTAS ADENTRO<\/td><td>0<\/td><td>1<\/td><\/tr><tr><td><strong>DEPARTAMENTO OR\u00c1N<\/strong><\/td><td><strong>5<\/strong><\/td><td><strong>2521<\/strong><\/td><\/tr><tr><td>AGUAS BLANCAS<\/td><td>0<\/td><td>39<\/td><\/tr><tr><td>COLONIA SANTA ROSA<\/td><td>5<\/td><td>288<\/td><\/tr><tr><td>EL TABACAL<\/td><td>0<\/td><td>12<\/td><\/tr><tr><td>HIPOLITO YRIGOYEN<\/td><td>0<\/td><td>120<\/td><\/tr><tr><td>PICHANAL<\/td><td>0<\/td><td>112<\/td><\/tr><tr><td>SAN RAMON DE LA NUEVA ORAN<\/td><td>0<\/td><td>1908<\/td><\/tr><tr><td>URUNDEL<\/td><td>0<\/td><td>42<\/td><\/tr><tr><td><strong>DEPARTAMENTO RIVADAVIA<\/strong><\/td><td><strong>0<\/strong><\/td><td><strong>233<\/strong><\/td><\/tr><tr><td>ALTO DE LA SIERRA<\/td><td>0<\/td><td>2<\/td><\/tr><tr><td>CAPITAN JUAN PAGE<\/td><td>0<\/td><td>0<\/td><\/tr><tr><td>CORONEL JUAN SOLA<\/td><td>0<\/td><td>107<\/td><\/tr><tr><td>LA UNION<\/td><td>0<\/td><td>26<\/td><\/tr><tr><td>LOS BLANCOS<\/td><td>0<\/td><td>4<\/td><\/tr><tr><td>MISION LA PAZ<\/td><td>0<\/td><td>1<\/td><\/tr><tr><td>PLUMA DE PATO<\/td><td>0<\/td><td>4<\/td><\/tr><tr><td>RIVADAVIA<\/td><td>0<\/td><td>30<\/td><\/tr><tr><td>SAN PATRICIO<\/td><td>0<\/td><td>2<\/td><\/tr><tr><td>SANTA MARIA<\/td><td>0<\/td><td>2<\/td><\/tr><tr><td>SANTA VICTORIA ESTE<\/td><td>0<\/td><td>55<\/td><\/tr><tr><td><strong>DEPARTAMENTO ROSARIO DE LA FRONTERA<\/strong><\/td><td><strong>1<\/strong><\/td><td><strong>208<\/strong><\/td><\/tr><tr><td>ALMIRANTE BROWN<\/td><td>0<\/td><td>0<\/td><\/tr><tr><td>ANTILLA<\/td><td>0<\/td><td>1<\/td><\/tr><tr><td>COPO QUILE<\/td><td>0<\/td><td>2<\/td><\/tr><tr><td>EL BORDO<\/td><td>0<\/td><td>1<\/td><\/tr><tr><td>EL POTRERO<\/td><td>0<\/td><td>1<\/td><\/tr><tr><td>ROSARIO DE LA FRONTERA<\/td><td>1<\/td><td>203<\/td><\/tr><tr><td><strong>DEPARTAMENTO ROSARIO DE LERMA<\/strong><\/td><td><strong>2<\/strong><\/td><td><strong>868<\/strong><\/td><\/tr><tr><td>AGUA CHICA<\/td><td>0<\/td><td>1<\/td><\/tr><tr><td>CAMPO QUIJANO<\/td><td>2<\/td><td>394<\/td><\/tr><tr><td>EL ENCON<\/td><td>0<\/td><td>2<\/td><\/tr><tr><td>EL ROSAL<\/td><td>0<\/td><td>0<\/td><\/tr><tr><td>LA MERCED DEL ENCON<\/td><td>0<\/td><td>0<\/td><\/tr><tr><td>LA SILLETA<\/td><td>0<\/td><td>96<\/td><\/tr><tr><td>ROSARIO DE LERMA<\/td><td>0<\/td><td>375<\/td><\/tr><tr><td><strong>DEPARTAMENTO SAN CARLOS<\/strong><\/td><td><strong>0<\/strong><\/td><td><strong>144<\/strong><\/td><\/tr><tr><td>ANGASTACO<\/td><td>0<\/td><td>69<\/td><\/tr><tr><td>ANIMANA<\/td><td>0<\/td><td>43<\/td><\/tr><tr><td>CORRALITO<\/td><td>0<\/td><td>0<\/td><\/tr><tr><td>SAN ANTONIO&nbsp;&nbsp;<\/td><td>0<\/td><td>1<\/td><\/tr><tr><td>SAN CARLOS<\/td><td>0<\/td><td>29<\/td><\/tr><tr><td>SANTA ROSA&nbsp;&nbsp;<\/td><td>0<\/td><td>2<\/td><\/tr><tr><td><strong>DEPARTAMENTO SANTA VICTORIA<\/strong><\/td><td><strong>0<\/strong><\/td><td><strong>47<\/strong><\/td><\/tr><tr><td>ACOYTE<\/td><td>0<\/td><td>4<\/td><\/tr><tr><td>ANTIGAL<\/td><td>0<\/td><td>1<\/td><\/tr><tr><td>EL PUESTO<\/td><td>0<\/td><td>1<\/td><\/tr><tr><td>LA HUERTA<\/td><td>0<\/td><td>5<\/td><\/tr><tr><td>LOS TOLDOS<\/td><td>0<\/td><td>20<\/td><\/tr><tr><td>MECOYITA<\/td><td>0<\/td><td>0<\/td><\/tr><tr><td>NAZARENO<\/td><td>0<\/td><td>10<\/td><\/tr><tr><td>POSCAYA<\/td><td>0<\/td><td>1<\/td><\/tr><tr><td>SANTA VICTORIA<\/td><td>0<\/td><td>5<\/td><\/tr><tr><td><strong>TOTALES<\/strong><\/td><td><strong>53<\/strong><\/td><td><strong>21548<\/strong><\/td><\/tr><\/tbody><\/table><\/figure>\n","protected":false},"excerpt":{"rendered":"<p>El Ministerio de Salud P\u00fablica inform\u00f3 hoy que Salta registro en las \u00faltimas 24 horas 53 nuevos casos positivos de coronavirus. De esos contagios Salta sumo 32, Or\u00e1n 5 y Met\u00e1n 4. Se notific\u00f3 una persona fallecida. Desde el inicio de la pandemia, en la Provincia suman 21.548 los casos confirmados, de los cuales ya [&hellip;]<\/p>\n","protected":false},"author":2,"featured_media":13921,"comment_status":"open","ping_status":"open","sticky":false,"template":"","format":"standard","meta":{"tdm_status":"","tdm_grid_status":"","_joinchat":[],"footnotes":""},"categories":[65],"tags":[],"class_list":{"0":"post-13920","1":"post","2":"type-post","3":"status-publish","4":"format-standard","5":"has-post-thumbnail","7":"category-coronavirus"},"amp_enabled":true,"_links":{"self":[{"href":"https:\/\/www.todoeldia.com\/index.php\/wp-json\/wp\/v2\/posts\/13920","targetHints":{"allow":["GET"]}}],"collection":[{"href":"https:\/\/www.todoeldia.com\/index.php\/wp-json\/wp\/v2\/posts"}],"about":[{"href":"https:\/\/www.todoeldia.com\/index.php\/wp-json\/wp\/v2\/types\/post"}],"author":[{"embeddable":true,"href":"https:\/\/www.todoeldia.com\/index.php\/wp-json\/wp\/v2\/users\/2"}],"replies":[{"embeddable":true,"href":"https:\/\/www.todoeldia.com\/index.php\/wp-json\/wp\/v2\/comments?post=13920"}],"version-history":[{"count":1,"href":"https:\/\/www.todoeldia.com\/index.php\/wp-json\/wp\/v2\/posts\/13920\/revisions"}],"predecessor-version":[{"id":13922,"href":"https:\/\/www.todoeldia.com\/index.php\/wp-json\/wp\/v2\/posts\/13920\/revisions\/13922"}],"wp:featuredmedia":[{"embeddable":true,"href":"https:\/\/www.todoeldia.com\/index.php\/wp-json\/wp\/v2\/media\/13921"}],"wp:attachment":[{"href":"https:\/\/www.todoeldia.com\/index.php\/wp-json\/wp\/v2\/media?parent=13920"}],"wp:term":[{"taxonomy":"category","embeddable":true,"href":"https:\/\/www.todoeldia.com\/index.php\/wp-json\/wp\/v2\/categories?post=13920"},{"taxonomy":"post_tag","embeddable":true,"href":"https:\/\/www.todoeldia.com\/index.php\/wp-json\/wp\/v2\/tags?post=13920"}],"curies":[{"name":"wp","href":"https:\/\/api.w.org\/{rel}","templated":true}]}}