{"id":13979,"date":"2020-12-18T09:56:31","date_gmt":"2020-12-18T12:56:31","guid":{"rendered":"https:\/\/www.todoeldia.com\/?p=13979"},"modified":"2020-12-18T09:56:33","modified_gmt":"2020-12-18T12:56:33","slug":"asesinan-a-punaladas-a-un-hombre-en-villa-palacios","status":"publish","type":"post","link":"https:\/\/www.todoeldia.com\/index.php\/2020\/12\/18\/asesinan-a-punaladas-a-un-hombre-en-villa-palacios\/","title":{"rendered":"Asesinan a pu\u00f1aladas a un hombre en Villa Palacios"},"content":{"rendered":"\n<p>Un hombre lleg\u00f3 hasta el destacamento policial de Villa Palacios con heridas de arma blanca pidiendo ayuda. Pudo se\u00f1alar que lo apu\u00f1alaron y se desvaneci\u00f3.<\/p>\n\n\n\n<p>Fue asistido pero falleci\u00f3 en el hospital San Bernardo. En las inmediaciones se encontr\u00f3 su bicicleta.<\/p>\n\n\n\n<p>El fiscal penal 3 de la Unidad de Graves Atentados contra las Personas en turno, Gustavo Torres Rubelt, investiga el fallecimiento de un hombre identificado como Faustino Ren\u00e9 Paz, que este jueves por la tarde, lleg\u00f3 al destacamento de Villa Palacios pidiendo ayuda.<\/p>\n\n\n\n<p>Estaba herido en la zona tor\u00e1cica y manifest\u00f3 \u201cme apu\u00f1alaron\u201d. Se desvaneci\u00f3 y pese a la asistencia brindada, falleci\u00f3 luego en el hospital San Bernardo.<\/p>\n\n\n\n<p>Torres Rubelt dispuso el trabajo de personal del Cuerpo de Investigaciones Fiscales en el lugar y de la Divisi\u00f3n Homicidios para el esclarecimiento del hecho.<\/p>\n\n\n\n<p>El cuerpo fue trasladado al Servicio de Tanatolog\u00eda Forense del CIF, donde cumplidos los protocolos sanitarios vigentes, se le realizar\u00e1 la autopsia.<\/p>\n","protected":false},"excerpt":{"rendered":"<p>Un hombre lleg\u00f3 hasta el destacamento policial de Villa Palacios con heridas de arma blanca pidiendo ayuda. Pudo se\u00f1alar que lo apu\u00f1alaron y se desvaneci\u00f3. Fue asistido pero falleci\u00f3 en el hospital San Bernardo. En las inmediaciones se encontr\u00f3 su bicicleta. El fiscal penal 3 de la Unidad de Graves Atentados contra las Personas en [&hellip;]<\/p>\n","protected":false},"author":2,"featured_media":13980,"comment_status":"open","ping_status":"open","sticky":false,"template":"","format":"standard","meta":{"tdm_status":"","tdm_grid_status":"","_joinchat":[],"footnotes":""},"categories":[63],"tags":[],"class_list":{"0":"post-13979","1":"post","2":"type-post","3":"status-publish","4":"format-standard","5":"has-post-thumbnail","7":"category-policiales"},"amp_enabled":true,"_links":{"self":[{"href":"https:\/\/www.todoeldia.com\/index.php\/wp-json\/wp\/v2\/posts\/13979","targetHints":{"allow":["GET"]}}],"collection":[{"href":"https:\/\/www.todoeldia.com\/index.php\/wp-json\/wp\/v2\/posts"}],"about":[{"href":"https:\/\/www.todoeldia.com\/index.php\/wp-json\/wp\/v2\/types\/post"}],"author":[{"embeddable":true,"href":"https:\/\/www.todoeldia.com\/index.php\/wp-json\/wp\/v2\/users\/2"}],"replies":[{"embeddable":true,"href":"https:\/\/www.todoeldia.com\/index.php\/wp-json\/wp\/v2\/comments?post=13979"}],"version-history":[{"count":1,"href":"https:\/\/www.todoeldia.com\/index.php\/wp-json\/wp\/v2\/posts\/13979\/revisions"}],"predecessor-version":[{"id":13981,"href":"https:\/\/www.todoeldia.com\/index.php\/wp-json\/wp\/v2\/posts\/13979\/revisions\/13981"}],"wp:featuredmedia":[{"embeddable":true,"href":"https:\/\/www.todoeldia.com\/index.php\/wp-json\/wp\/v2\/media\/13980"}],"wp:attachment":[{"href":"https:\/\/www.todoeldia.com\/index.php\/wp-json\/wp\/v2\/media?parent=13979"}],"wp:term":[{"taxonomy":"category","embeddable":true,"href":"https:\/\/www.todoeldia.com\/index.php\/wp-json\/wp\/v2\/categories?post=13979"},{"taxonomy":"post_tag","embeddable":true,"href":"https:\/\/www.todoeldia.com\/index.php\/wp-json\/wp\/v2\/tags?post=13979"}],"curies":[{"name":"wp","href":"https:\/\/api.w.org\/{rel}","templated":true}]}}