{"id":13989,"date":"2020-12-18T13:47:35","date_gmt":"2020-12-18T16:47:35","guid":{"rendered":"https:\/\/www.todoeldia.com\/?p=13989"},"modified":"2020-12-18T13:47:37","modified_gmt":"2020-12-18T16:47:37","slug":"desde-hoy-salta-tiene-nuevo-jefe-de-policia","status":"publish","type":"post","link":"https:\/\/www.todoeldia.com\/index.php\/2020\/12\/18\/desde-hoy-salta-tiene-nuevo-jefe-de-policia\/","title":{"rendered":"Desde hoy Salta tiene nuevo Jefe de Polic\u00eda"},"content":{"rendered":"\n<p>El&nbsp;<strong>gobernador de la Provincia Gustavo S\u00e1enz<\/strong>&nbsp;presidi\u00f3 el acto de&nbsp;<strong>asunci\u00f3n del nuevo Jefe de Polic\u00eda, Comisario General Jos\u00e9 Alberto Ibarra&nbsp;<\/strong>y de la subjefa Comisario Mayor Adriana Herrera en una ceremonia celebrada en Jefatura Policial con la presencia de autoridades provinciales, municipales y legislativas.&nbsp;<\/p>\n\n\n\n<p>El mandatario agradeci\u00f3 el compromiso de toda la familia policial &#8220;en este a\u00f1o tan dif\u00edcil en el que trabajaron sin descanso defendiendo la vida y la salud de los salte\u00f1os, por eso les agradezco el compromiso por su responsabilidad y en homenaje a los que perdieron su vida, por estar en la primera l\u00ednea de batalla, les pido que no bajemos los brazos; a\u00fan hay mucho que hacer&#8221;.\u00a0<\/p>\n\n\n\n<p>Adem\u00e1s S\u00e1enz indic\u00f3 que cuando se tom\u00f3 la decisi\u00f3n de que una mujer se haga cargo de esta Instituci\u00f3n y sea la primera en el pa\u00eds, &#8220;no sab\u00edamos de esta pandemia y nos demostr\u00f3 que estuvo a la altura de las circunstancias, estuvo al frente de todos aquellos efectivos que pusieron su cuerpo para combatir la pandemia, por lo tanto la jefa Norma Morales pasar\u00e1 a la historia como la primera mujer que fue jefa de una instituci\u00f3n en el momento m\u00e1s dif\u00edcil que le toc\u00f3 atravesar a la humanidad&#8221;. \u00a0<\/p>\n\n\n\n<figure class=\"wp-block-image size-large\"><img loading=\"lazy\" decoding=\"async\" width=\"1024\" height=\"1018\" src=\"https:\/\/www.todoeldia.com\/wp-content\/uploads\/2020\/12\/nuevo-jefe-de-policia-1-1024x1018.jpg\" alt=\"\" class=\"wp-image-13991\" srcset=\"https:\/\/www.todoeldia.com\/wp-content\/uploads\/2020\/12\/nuevo-jefe-de-policia-1-1024x1018.jpg 1024w, https:\/\/www.todoeldia.com\/wp-content\/uploads\/2020\/12\/nuevo-jefe-de-policia-1-300x298.jpg 300w, https:\/\/www.todoeldia.com\/wp-content\/uploads\/2020\/12\/nuevo-jefe-de-policia-1-150x150.jpg 150w, https:\/\/www.todoeldia.com\/wp-content\/uploads\/2020\/12\/nuevo-jefe-de-policia-1-768x763.jpg 768w, https:\/\/www.todoeldia.com\/wp-content\/uploads\/2020\/12\/nuevo-jefe-de-policia-1-696x692.jpg 696w, https:\/\/www.todoeldia.com\/wp-content\/uploads\/2020\/12\/nuevo-jefe-de-policia-1-1068x1061.jpg 1068w, https:\/\/www.todoeldia.com\/wp-content\/uploads\/2020\/12\/nuevo-jefe-de-policia-1-423x420.jpg 423w, https:\/\/www.todoeldia.com\/wp-content\/uploads\/2020\/12\/nuevo-jefe-de-policia-1.jpg 1280w\" sizes=\"auto, (max-width: 1024px) 100vw, 1024px\" \/><\/figure>\n\n\n\n<p>En el mismo sentido, el Gobernador agradeci\u00f3 el desempe\u00f1o de los jefes salientes por su labor incansable y su liderazgo. Indic\u00f3 que &#8220;as\u00ed como se cometieron errores tambi\u00e9n hubo muchos aciertos y &nbsp;entre ellos son ustedes quienes&nbsp;controlaron la seguridad, la salud y la vida de los salte\u00f1os&#8221;.&nbsp;<\/p>\n\n\n\n<p>Durante el uso de la palabra, la jefa saliente, Norma Rosa Morales destac\u00f3 la labor del cuerpo policial durante la pandemia y agradeci\u00f3 al Gobernador de la Provincia por haberla honrrado con el cargo y tambi\u00e9n agradeci\u00f3 a sus camaradas por &#8220;la cooperaci\u00f3n constante y los diversos operativos realizados en la provincia durante su gesti\u00f3n, donde se garantiz\u00f3, pese a las dif\u00edciles momentos, la capacitaci\u00f3n permanente en violencia de g\u00e9nero&#8221;.&nbsp;<\/p>\n\n\n\n<p>Asimismo destac\u00f3 que quedan en funcionamiento lineamientos de pol\u00edticas de seguridad y que &#8220;el objetivo principal siempre fue proteger a la &nbsp;sociedad con idoneidad y capacidad&#8221;. &nbsp;Destac\u00f3 la valent\u00eda, disciplina y la lealtad de sus subordinados.&nbsp;<\/p>\n\n\n\n<p>Tras la lectura del decreto N\u00b0850 por la que se realiz\u00f3 el nombramiento del nuevo Jefe, &nbsp;el gobernador S\u00e1enz, procedi\u00f3 a la imposici\u00f3n de insignias y posesi\u00f3n en el cargo al nuevo jefe Jos\u00e9 Ibarra. &nbsp;<\/p>\n\n\n\n<p>Morales le entreg\u00f3 el bast\u00f3n al nuevo jefe, lo cual simboliza autoridad y luego el Gobernador hizo lo propio con la subjefa de la polic\u00eda, que ser\u00e1 la primera mujer en llegar como subtitular de la fuerza.\u00a0<\/p>\n\n\n\n<figure class=\"wp-block-image size-large is-resized\"><img loading=\"lazy\" decoding=\"async\" src=\"https:\/\/www.todoeldia.com\/wp-content\/uploads\/2020\/12\/nuevo-jefe-de-policia-2-1024x839.jpg\" alt=\"\" class=\"wp-image-13992\" width=\"1024\" height=\"839\" srcset=\"https:\/\/www.todoeldia.com\/wp-content\/uploads\/2020\/12\/nuevo-jefe-de-policia-2-1024x839.jpg 1024w, https:\/\/www.todoeldia.com\/wp-content\/uploads\/2020\/12\/nuevo-jefe-de-policia-2-300x246.jpg 300w, https:\/\/www.todoeldia.com\/wp-content\/uploads\/2020\/12\/nuevo-jefe-de-policia-2-768x629.jpg 768w, https:\/\/www.todoeldia.com\/wp-content\/uploads\/2020\/12\/nuevo-jefe-de-policia-2-696x570.jpg 696w, https:\/\/www.todoeldia.com\/wp-content\/uploads\/2020\/12\/nuevo-jefe-de-policia-2-1068x875.jpg 1068w, https:\/\/www.todoeldia.com\/wp-content\/uploads\/2020\/12\/nuevo-jefe-de-policia-2-513x420.jpg 513w, https:\/\/www.todoeldia.com\/wp-content\/uploads\/2020\/12\/nuevo-jefe-de-policia-2.jpg 1130w\" sizes=\"auto, (max-width: 1024px) 100vw, 1024px\" \/><figcaption>La jefa saliente entrega el mando al nuevo titular comisario general Jose alberto Ibarra<\/figcaption><\/figure>\n\n\n\n<p>Finalmente, el nuevo jefe de la Polic\u00eda agradeci\u00f3 al Gobernador por haberlo nombrado en el cargo &#8220;ya que es la mayor aspiraci\u00f3n que puede llegar a tener un oficial de la polic\u00eda&#8221;.&nbsp;<\/p>\n\n\n\n<p>Ibarra especific\u00f3 que se considera un servidor p\u00fablico por lo que inst\u00f3 a la sociedad y a la familia policial a trabajar en equipo y &nbsp;destac\u00f3 que &#8220;dar\u00e1 lucha sin cuartel contra las conductas il\u00edcitas por lo que deseo que la ciudadan\u00eda conf\u00ede en el trabajo que hacemos&#8221;.&nbsp;<\/p>\n\n\n\n<p>Por \u00faltimo, llam\u00f3 a la unidad de la fuerza con un esp\u00edritu innovador y destac\u00f3 que &#8220;no tolerar\u00e1 la corrupci\u00f3n, las inconductas jur\u00eddicas, ni los abusos&#8221;.&nbsp;<\/p>\n\n\n\n<p>Cabe destacar que el nuevo Jefe de Polic\u00eda pertenece a la Fuerza hace 28 a\u00f1os. Es Licenciado en Criminal\u00edstica recibido en la Universidad Nacional del NORDESTE y cuenta con un Posgrado en Docencia Superior y Universitaria con orientaci\u00f3n en Ciencias Jur\u00eddicas \u2013 Universidad Cat\u00f3lica de Salta. Hasta la fecha se desempe\u00f1aba como director de la Unidad Regional 2 en Or\u00e1n, y trabaj\u00f3 en distintas \u00e1reas de la Fuerza provincial.&nbsp;<\/p>\n","protected":false},"excerpt":{"rendered":"<p>El&nbsp;gobernador de la Provincia Gustavo S\u00e1enz&nbsp;presidi\u00f3 el acto de&nbsp;asunci\u00f3n del nuevo Jefe de Polic\u00eda, Comisario General Jos\u00e9 Alberto Ibarra&nbsp;y de la subjefa Comisario Mayor Adriana Herrera en una ceremonia celebrada en Jefatura Policial con la presencia de autoridades provinciales, municipales y legislativas.&nbsp; El mandatario agradeci\u00f3 el compromiso de toda la familia policial &#8220;en este a\u00f1o [&hellip;]<\/p>\n","protected":false},"author":2,"featured_media":13990,"comment_status":"open","ping_status":"open","sticky":false,"template":"","format":"standard","meta":{"tdm_status":"","tdm_grid_status":"","_joinchat":[],"footnotes":""},"categories":[69],"tags":[],"class_list":{"0":"post-13989","1":"post","2":"type-post","3":"status-publish","4":"format-standard","5":"has-post-thumbnail","7":"category-salta"},"amp_enabled":true,"_links":{"self":[{"href":"https:\/\/www.todoeldia.com\/index.php\/wp-json\/wp\/v2\/posts\/13989","targetHints":{"allow":["GET"]}}],"collection":[{"href":"https:\/\/www.todoeldia.com\/index.php\/wp-json\/wp\/v2\/posts"}],"about":[{"href":"https:\/\/www.todoeldia.com\/index.php\/wp-json\/wp\/v2\/types\/post"}],"author":[{"embeddable":true,"href":"https:\/\/www.todoeldia.com\/index.php\/wp-json\/wp\/v2\/users\/2"}],"replies":[{"embeddable":true,"href":"https:\/\/www.todoeldia.com\/index.php\/wp-json\/wp\/v2\/comments?post=13989"}],"version-history":[{"count":1,"href":"https:\/\/www.todoeldia.com\/index.php\/wp-json\/wp\/v2\/posts\/13989\/revisions"}],"predecessor-version":[{"id":13993,"href":"https:\/\/www.todoeldia.com\/index.php\/wp-json\/wp\/v2\/posts\/13989\/revisions\/13993"}],"wp:featuredmedia":[{"embeddable":true,"href":"https:\/\/www.todoeldia.com\/index.php\/wp-json\/wp\/v2\/media\/13990"}],"wp:attachment":[{"href":"https:\/\/www.todoeldia.com\/index.php\/wp-json\/wp\/v2\/media?parent=13989"}],"wp:term":[{"taxonomy":"category","embeddable":true,"href":"https:\/\/www.todoeldia.com\/index.php\/wp-json\/wp\/v2\/categories?post=13989"},{"taxonomy":"post_tag","embeddable":true,"href":"https:\/\/www.todoeldia.com\/index.php\/wp-json\/wp\/v2\/tags?post=13989"}],"curies":[{"name":"wp","href":"https:\/\/api.w.org\/{rel}","templated":true}]}}