{"id":13998,"date":"2020-12-18T18:28:04","date_gmt":"2020-12-18T21:28:04","guid":{"rendered":"https:\/\/www.todoeldia.com\/?p=13998"},"modified":"2020-12-18T18:28:05","modified_gmt":"2020-12-18T21:28:05","slug":"zulemita-confirmo-que-menem-esta-delicado-tras-una-complicacion-coronaria-nos-encomendamos-a-dios","status":"publish","type":"post","link":"https:\/\/www.todoeldia.com\/index.php\/2020\/12\/18\/zulemita-confirmo-que-menem-esta-delicado-tras-una-complicacion-coronaria-nos-encomendamos-a-dios\/","title":{"rendered":"Zulemita confirm\u00f3 que Menem est\u00e1 delicado, tras una complicaci\u00f3n coronaria: &#8220;Nos encomendamos a Dios&#8221;"},"content":{"rendered":"\n<p>Se agrav\u00f3 la salud de Carlos Menem. El ex presidente fue hospitalizado dos d\u00edas en la terapia intensiva de la cl\u00ednica Los Arcos, despu\u00e9s de que le diagnosticaran una infecci\u00f3n urinaria. Aunque su cuadro hab\u00eda mejorado, en las \u00faltimas horas la salud del senador de 90 a\u00f1os se agrav\u00f3 por una complicaci\u00f3n coronaria.<\/p>\n\n\n\n<p>&#8220;Est\u00e1 muy delicado&#8221;, reconocieron en horas del mediod\u00eda a BigBang desde el entorno familiar del ex presidente, que confirm\u00f3 que sufri\u00f3 una arritmia severa. Los rumores en torno al delicado estado de salud comenzaron a circular con fuerza y fue su hija, Zulemita, quien aclar\u00f3 que segu\u00eda con vida, aunque delicado. &#8220;Pap\u00e1 est\u00e1 luch\u00e1ndola, estamos acompa\u00f1\u00e1ndolo. Somos creyentes y nos encomendamos a Dios todo poderoso&#8221;, escribi\u00f3.<\/p>\n\n\n\n<p>El pasado dos de julio, Menem celebr\u00f3 en su casa su cumplea\u00f1os n\u00famero 90. En los \u00faltimos meses, el ex presidente fue internado en tres oportunidades e incluso super\u00f3 en junio un cuadro de neumon\u00eda severo; sin haberse contagiado de Covid-19, pese a que su entorno debi\u00f3 ser aislado por completo tras dar positivo.<\/p>\n","protected":false},"excerpt":{"rendered":"<p>Se agrav\u00f3 la salud de Carlos Menem. El ex presidente fue hospitalizado dos d\u00edas en la terapia intensiva de la cl\u00ednica Los Arcos, despu\u00e9s de que le diagnosticaran una infecci\u00f3n urinaria. Aunque su cuadro hab\u00eda mejorado, en las \u00faltimas horas la salud del senador de 90 a\u00f1os se agrav\u00f3 por una complicaci\u00f3n coronaria. &#8220;Est\u00e1 muy [&hellip;]<\/p>\n","protected":false},"author":2,"featured_media":13999,"comment_status":"open","ping_status":"open","sticky":false,"template":"","format":"standard","meta":{"tdm_status":"","tdm_grid_status":"","_joinchat":[],"footnotes":""},"categories":[73],"tags":[],"class_list":{"0":"post-13998","1":"post","2":"type-post","3":"status-publish","4":"format-standard","5":"has-post-thumbnail","7":"category-noticias-general"},"amp_enabled":true,"_links":{"self":[{"href":"https:\/\/www.todoeldia.com\/index.php\/wp-json\/wp\/v2\/posts\/13998","targetHints":{"allow":["GET"]}}],"collection":[{"href":"https:\/\/www.todoeldia.com\/index.php\/wp-json\/wp\/v2\/posts"}],"about":[{"href":"https:\/\/www.todoeldia.com\/index.php\/wp-json\/wp\/v2\/types\/post"}],"author":[{"embeddable":true,"href":"https:\/\/www.todoeldia.com\/index.php\/wp-json\/wp\/v2\/users\/2"}],"replies":[{"embeddable":true,"href":"https:\/\/www.todoeldia.com\/index.php\/wp-json\/wp\/v2\/comments?post=13998"}],"version-history":[{"count":1,"href":"https:\/\/www.todoeldia.com\/index.php\/wp-json\/wp\/v2\/posts\/13998\/revisions"}],"predecessor-version":[{"id":14000,"href":"https:\/\/www.todoeldia.com\/index.php\/wp-json\/wp\/v2\/posts\/13998\/revisions\/14000"}],"wp:featuredmedia":[{"embeddable":true,"href":"https:\/\/www.todoeldia.com\/index.php\/wp-json\/wp\/v2\/media\/13999"}],"wp:attachment":[{"href":"https:\/\/www.todoeldia.com\/index.php\/wp-json\/wp\/v2\/media?parent=13998"}],"wp:term":[{"taxonomy":"category","embeddable":true,"href":"https:\/\/www.todoeldia.com\/index.php\/wp-json\/wp\/v2\/categories?post=13998"},{"taxonomy":"post_tag","embeddable":true,"href":"https:\/\/www.todoeldia.com\/index.php\/wp-json\/wp\/v2\/tags?post=13998"}],"curies":[{"name":"wp","href":"https:\/\/api.w.org\/{rel}","templated":true}]}}