{"id":14027,"date":"2020-12-19T09:29:47","date_gmt":"2020-12-19T12:29:47","guid":{"rendered":"https:\/\/www.todoeldia.com\/?p=14027"},"modified":"2020-12-19T09:30:54","modified_gmt":"2020-12-19T12:30:54","slug":"el-verdadero-acto-por-un-ano-de-gestion-alberto-fernandez-busco-mostrar-unidad-y-cfk-marco-otra-vez-la-cancha","status":"publish","type":"post","link":"https:\/\/www.todoeldia.com\/index.php\/2020\/12\/19\/el-verdadero-acto-por-un-ano-de-gestion-alberto-fernandez-busco-mostrar-unidad-y-cfk-marco-otra-vez-la-cancha\/","title":{"rendered":"El verdadero acto por un a\u00f1o de gesti\u00f3n: Alberto Fern\u00e1ndez busc\u00f3 mostrar unidad y CFK marc\u00f3 otra vez la cancha"},"content":{"rendered":"\n<p>La imagen y el discurso \u2013los discursos, en rigor- resumieron el cuadro de situaci\u00f3n del oficialismo a un a\u00f1o de gesti\u00f3n. Primero, el escenario: en territorio bonaerense, la puesta fue compartida por Alberto Fern\u00e1ndez, Cristina Fern\u00e1ndez de Kirchner, Sergio Massa, M\u00e1ximo Kirchner y Axel Kicillof. Fue algo que no hab\u00eda ocurrido en la celebraci\u00f3n presidencial del primer aniversario de gobierno, el 10 de diciembre. En segundo lugar, los dichos: el Presidente dej\u00f3 un mensaje duro y de renovadas cargas sobre la Corte Suprema \u2013entre otras se\u00f1ales-, pero la vicepresidente dio por descontada esa ficha y agreg\u00f3 otro tema denso, resumido en una advertencia sobre el ajuste. El acto para mostrar unidad tambi\u00e9n expuso el marco para esa foto.<\/p>\n\n\n\n<p>Estaba claro que iban a ser realizados dos actos por el primer a\u00f1o de gobierno, uno nacional y otro en el principal distrito del pa\u00eds. Uno el 10 de diciembre y otro un d\u00eda despu\u00e9s, demorado porque el gobernador debi\u00f3 estar una semana aislado. Lo llamativo fue la primera entrega con el Presidente sin compa\u00f1\u00eda de CFK, en un momento dif\u00edcil de esa relaci\u00f3n. Y lo expresivo en t\u00e9rminos de poder fue exhibido anoche.<\/p>\n\n\n\n<p>La ex presidente maneja esos mensajes: su ausencia o su presencia hablan. Con el agregado que hab\u00eda hecho en la v\u00edspera del aniversario: una carta potente, con pasajes sobre su gesti\u00f3n en el Congreso, reivindicaci\u00f3n del Gobierno sin mencionar al Presidente y una verdadera artiller\u00eda con la Corte como objetivo, en medio de demandas del kirchnerismo duro por lo que consideran una falta de freno a las causas judiciales por corrupci\u00f3n.<\/p>\n\n\n\n<p>Es significativo c\u00f3mo se va construyendo la agenda necesaria para \u201csostener\u201d la unidad. La ex presidente acaba de mostrar que cada movida que suena como gesto de alto impacto no es un hecho que se agota en s\u00ed mismo, sino un escal\u00f3n. El mensaje hacia la Justicia lo viene expresando hace tiempo, al punto de haber colocado al Corte ya sin vueltas como enemigo central. Arrastr\u00f3 a todo el oficialismo. El tratamiento de la movilidad jubilatoria, sin resolver la cuesti\u00f3n de fondo, fue un anticipo de la carga sobre la econom\u00eda. Ayer, puso a la vista de todos que ese es otro frente sensible. Qued\u00f3 abierto.<\/p>\n\n\n\n<p>La ex presidente coloca un tema nuevo y refuerza los previos. Ese parece ser el esquema. Volvi\u00f3 sobre el papel de los ministros y agreg\u00f3 a los legisladores para insistir con qui\u00e9nes sobran en el oficialismo seg\u00fan su visi\u00f3n. Hab\u00eda hablado de los funcionarios que no funcionan; fue en octubre, al cumplirse un a\u00f1o del triunfo electoral. Ahora dijo que es mejor que se dediquen a otra cosa aquellos que tengan miedo en la funci\u00f3n. Es decir, si antes el mensaje fue contra la \u201cinacci\u00f3n\u201d, puede que esta vez haya apuntado a los \u201ctibios\u201d. \u00bfKirchnerismo duro con mal eco venezolano? Se ver\u00e1. La primera andanada sobre funcionarios fue interpretada como un respaldo no como una cr\u00edtica o un reclamo.<\/p>\n\n\n\n<figure class=\"wp-block-image size-large is-resized\"><img loading=\"lazy\" decoding=\"async\" src=\"https:\/\/www.todoeldia.com\/wp-content\/uploads\/2020\/12\/acto-ano-de-alberto-1.jpg\" alt=\"\" class=\"wp-image-14029\" width=\"1066\" height=\"608\"\/><figcaption>Panor\u00e1mica del acto en La Plata. Asistieron funcionarios y legisladores, intendentes y algunos sindicalistas<\/figcaption><\/figure>\n\n\n\n<p>Por supuesto, CFK volvi\u00f3 sobre el lawfare y agreg\u00f3 que tiende, precisamente, a condicionar a los funcionarios actuales. No faltaron p\u00e1rrafos o l\u00edneas dedicadas al macrismo, al sistema sanitario y a los medios. Pero lo m\u00e1s novedoso fue el se\u00f1alamiento de l\u00edmites al ajuste o, en todo caso, la advertencia impl\u00edcita sobre los costos para la gesti\u00f3n. Fue un mensaje al Presidente y tambi\u00e9n al ministro Mart\u00edn Guzm\u00e1n, hasta ahora ascendente en el circuito del oficialismo y metido de lleno a la negociaci\u00f3n con el FMI.<\/p>\n\n\n\n<p>El tratamiento del nuevo sistema de movilidad jubilatoria ya hab\u00eda sonado a aviso. El bloque oficialista de senadores \u2013alineado sin mediaci\u00f3n alguna con CFK- corrigi\u00f3 el texto para hacer menos duro el deterioro impl\u00edcito. Y lo hizo p\u00fablico para dejar en claro que se trataba de una modificaci\u00f3n propia no de un encargo del Ejecutivo. Despu\u00e9s, se busc\u00f3 amortiguar el impacto. En rigor, el proyecto hab\u00eda tenido aval de todo el arco oficialista, aunque fue revisado luego en oficinas del Senado.<\/p>\n\n\n\n<p>En su discurso de anoche, la ex presidente advirti\u00f3 que la ecuaci\u00f3n econ\u00f3mica para el a\u00f1o que ya llega debe buscar un equilibrio entre salarios, jubilaciones, precios y tarifas. Todo, atado al objetivo de motorizar el consumo. Suena bien, pero no parece un dato menor el modo y el contexto para expresarlo. No se trata s\u00f3lo de la letra formal, sino del juego de poder expuesto cuando el ministro \u2013y sobre todo el Presidente- apuestan a un r\u00e1pido entendimiento con el Fondo.<\/p>\n\n\n\n<p>El cierre de Alberto Fern\u00e1ndez no abord\u00f3 este tema. Busc\u00f3 destacar la unidad. Y se\u00f1al\u00f3: \u201cUn a\u00f1o despu\u00e9s estamos tan juntos como siempre\u201d. Una manera de destacar un valor que atraviesa crisis. Tambi\u00e9n asom\u00f3 como expresi\u00f3n del sentido primordial que busc\u00f3 darle a su discurso, con frases como la que dedic\u00f3 a destacar su alineamiento con el cuestionamiento a los medios. En la misma l\u00ednea fueron anotados sus duros p\u00e1rrafos dedicados a la Justicia y en particular a la Corte.<\/p>\n","protected":false},"excerpt":{"rendered":"<p>La imagen y el discurso \u2013los discursos, en rigor- resumieron el cuadro de situaci\u00f3n del oficialismo a un a\u00f1o de gesti\u00f3n. Primero, el escenario: en territorio bonaerense, la puesta fue compartida por Alberto Fern\u00e1ndez, Cristina Fern\u00e1ndez de Kirchner, Sergio Massa, M\u00e1ximo Kirchner y Axel Kicillof. Fue algo que no hab\u00eda ocurrido en la celebraci\u00f3n presidencial [&hellip;]<\/p>\n","protected":false},"author":2,"featured_media":14031,"comment_status":"open","ping_status":"open","sticky":false,"template":"","format":"standard","meta":{"tdm_status":"","tdm_grid_status":"","_joinchat":[],"footnotes":""},"categories":[59],"tags":[],"class_list":{"0":"post-14027","1":"post","2":"type-post","3":"status-publish","4":"format-standard","5":"has-post-thumbnail","7":"category-politica"},"amp_enabled":true,"_links":{"self":[{"href":"https:\/\/www.todoeldia.com\/index.php\/wp-json\/wp\/v2\/posts\/14027","targetHints":{"allow":["GET"]}}],"collection":[{"href":"https:\/\/www.todoeldia.com\/index.php\/wp-json\/wp\/v2\/posts"}],"about":[{"href":"https:\/\/www.todoeldia.com\/index.php\/wp-json\/wp\/v2\/types\/post"}],"author":[{"embeddable":true,"href":"https:\/\/www.todoeldia.com\/index.php\/wp-json\/wp\/v2\/users\/2"}],"replies":[{"embeddable":true,"href":"https:\/\/www.todoeldia.com\/index.php\/wp-json\/wp\/v2\/comments?post=14027"}],"version-history":[{"count":1,"href":"https:\/\/www.todoeldia.com\/index.php\/wp-json\/wp\/v2\/posts\/14027\/revisions"}],"predecessor-version":[{"id":14030,"href":"https:\/\/www.todoeldia.com\/index.php\/wp-json\/wp\/v2\/posts\/14027\/revisions\/14030"}],"wp:featuredmedia":[{"embeddable":true,"href":"https:\/\/www.todoeldia.com\/index.php\/wp-json\/wp\/v2\/media\/14031"}],"wp:attachment":[{"href":"https:\/\/www.todoeldia.com\/index.php\/wp-json\/wp\/v2\/media?parent=14027"}],"wp:term":[{"taxonomy":"category","embeddable":true,"href":"https:\/\/www.todoeldia.com\/index.php\/wp-json\/wp\/v2\/categories?post=14027"},{"taxonomy":"post_tag","embeddable":true,"href":"https:\/\/www.todoeldia.com\/index.php\/wp-json\/wp\/v2\/tags?post=14027"}],"curies":[{"name":"wp","href":"https:\/\/api.w.org\/{rel}","templated":true}]}}