{"id":14070,"date":"2020-12-19T20:19:19","date_gmt":"2020-12-19T23:19:19","guid":{"rendered":"https:\/\/www.todoeldia.com\/?p=14070"},"modified":"2020-12-19T20:19:20","modified_gmt":"2020-12-19T23:19:20","slug":"amalia-granata-aislada-luego-de-que-su-marido-e-hijos-dieran-positivo-de-coronavirus-no-puedo-dejar-de-atender-a-los-chicos","status":"publish","type":"post","link":"https:\/\/www.todoeldia.com\/index.php\/2020\/12\/19\/amalia-granata-aislada-luego-de-que-su-marido-e-hijos-dieran-positivo-de-coronavirus-no-puedo-dejar-de-atender-a-los-chicos\/","title":{"rendered":"Amalia Granata, aislada, luego de que su marido e hijos dieran positivo de coronavirus: &#8220;No puedo dejar de atender a los chicos&#8221;"},"content":{"rendered":"\n<p>La pol\u00edtica argentina Amalia Granata confirm\u00f3 que est\u00e1 cumpliendo con el protocolo y est\u00e1 cumpliendo con la cuarentena en su casa luego de que su marido, Leo Squarzon y sus hijos, Uma y Roque fueran confirmados como positivos de coronavirus,<\/p>\n\n\n\n<p>\u201cSabemos que mi marido dio positivo porque empez\u00f3 con s\u00edntomas. Le dol\u00eda el cuerpo, se sent\u00eda muy mal as\u00ed que le recomendaron hacerse el hisopado\u201d, comparti\u00f3 Amalia Granata en comunicaci\u00f3n con Marcelo Polino y Yanina Latorre, sus compa\u00f1eros de Radio Mitre. \u201cLeo levant\u00f3 fiebre un solo d\u00eda y tuvo 37.9, lleg\u00f3 a 38 y despu\u00e9s empez\u00f3 a bajar\u201d, detall\u00f3 la diputada.<\/p>\n\n\n\n<p>\u201cLos chicos est\u00e1n con diarrea y v\u00f3mitos. son los t\u00edpicos s\u00edntomas de Covid positivo. Tengo que estar yo para atenderlos\u201d, remarc\u00f3 Amalia Granata.<\/p>\n\n\n\n<p>\u201cAyer le doli\u00f3 la cabeza que se mor\u00eda y tuvo dolor de cuerpo que no lo soportaba. Todos los d\u00edas es algo diferente, va variando pero a cada rato vuelve a la cama porque se siente mal\u201d, comparti\u00f3 respecto al estado de su marido.<\/p>\n\n\n\n<p>Amalia Granata subray\u00f3 que si bien sus hijos presentan s\u00edntomas, no se realizaron el hisopado ya que el m\u00e9dico que los asisti\u00f3 les asegur\u00f3 que el procedimiento para los menores ser\u00eda muy invasivo por lo que est\u00e1 ayudando a contrarrestar la posibilidad de una eventual deshidrataci\u00f3n. \u201cTodos estamos tomando mucho l\u00edquido, sobre todo los chicos\u201d, asegur\u00f3.<\/p>\n\n\n\n<p>&#8220;Yo no puedo dejar de atender a los chicos. Roque sigue con su hiperactividad pero se hace encima, ayer vomit\u00f3 dos veces a la madrugada. Uma est\u00e1 como ca\u00edda, cansada, durmi\u00f3 muchas horas&#8221;, explic\u00f3 la diputada por la provincia de Santa Fe en el programa radial \u201cPolino Aut\u00e9ntico\u201d.<\/p>\n\n\n\n<p>Por su parte, Amalia Granata a\u00fan no se hisop\u00f3 pero garantiz\u00f3 que hasta el momento no manifest\u00f3 ning\u00fan s\u00edntoma y que tiene la idea de \u201chacerse el hisopado\u201d.&nbsp; \u201cYo estoy asintom\u00e1tica o no lo tengo, no s\u00e9..\u201d, expres\u00f3 la diputada.<\/p>\n\n\n\n<p>\u201cHoy ten\u00eda una comisi\u00f3n y le dije a mi equipo lo que me pasaba, es la primera vez que falto a una reuni\u00f3n pero me estoy tomando estos d\u00edas para ocuparme de la familia. Me desconect\u00e9 de todo\u201d, se\u00f1al\u00f3 Granata.<\/p>\n\n\n\n<p>La ex panelista de televisi\u00f3n agreg\u00f3 que tuvo taquicardia y angustia porque no solo su marido est\u00e1 con COVID-19 sino sus dos hijos, y es ella quien los est\u00e1 asistiendo a todos. \u201cEstoy lavando las s\u00e1banas todo el tiempo\u201d, aclar\u00f3.<\/p>\n\n\n\n<p>Adem\u00e1s, Amalia Granata comparti\u00f3 que el rebrote del COVID-19 ya est\u00e1 instalado y que se asust\u00f3 hace tan solo unos d\u00edas cuando fue a comprar al supermercado y vio tantas personas aglutinadas en un mismo espacio y tambi\u00e9n enfatiz\u00f3 que \u201cla prepaga no te testea si no tenes sintomas\u201d. \u201c Leo no los tuvo los primeros d\u00edas, y la verdad es que no todos tienen 8 mil pesos para ir, pagarlos y hacerse el hisopado\u201d, concluy\u00f3.<\/p>\n","protected":false},"excerpt":{"rendered":"<p>La pol\u00edtica argentina Amalia Granata confirm\u00f3 que est\u00e1 cumpliendo con el protocolo y est\u00e1 cumpliendo con la cuarentena en su casa luego de que su marido, Leo Squarzon y sus hijos, Uma y Roque fueran confirmados como positivos de coronavirus, \u201cSabemos que mi marido dio positivo porque empez\u00f3 con s\u00edntomas. Le dol\u00eda el cuerpo, se [&hellip;]<\/p>\n","protected":false},"author":2,"featured_media":14071,"comment_status":"open","ping_status":"open","sticky":false,"template":"","format":"standard","meta":{"tdm_status":"","tdm_grid_status":"","_joinchat":[],"footnotes":""},"categories":[120],"tags":[],"class_list":{"0":"post-14070","1":"post","2":"type-post","3":"status-publish","4":"format-standard","5":"has-post-thumbnail","7":"category-espectaculos-2"},"amp_enabled":true,"_links":{"self":[{"href":"https:\/\/www.todoeldia.com\/index.php\/wp-json\/wp\/v2\/posts\/14070","targetHints":{"allow":["GET"]}}],"collection":[{"href":"https:\/\/www.todoeldia.com\/index.php\/wp-json\/wp\/v2\/posts"}],"about":[{"href":"https:\/\/www.todoeldia.com\/index.php\/wp-json\/wp\/v2\/types\/post"}],"author":[{"embeddable":true,"href":"https:\/\/www.todoeldia.com\/index.php\/wp-json\/wp\/v2\/users\/2"}],"replies":[{"embeddable":true,"href":"https:\/\/www.todoeldia.com\/index.php\/wp-json\/wp\/v2\/comments?post=14070"}],"version-history":[{"count":1,"href":"https:\/\/www.todoeldia.com\/index.php\/wp-json\/wp\/v2\/posts\/14070\/revisions"}],"predecessor-version":[{"id":14072,"href":"https:\/\/www.todoeldia.com\/index.php\/wp-json\/wp\/v2\/posts\/14070\/revisions\/14072"}],"wp:featuredmedia":[{"embeddable":true,"href":"https:\/\/www.todoeldia.com\/index.php\/wp-json\/wp\/v2\/media\/14071"}],"wp:attachment":[{"href":"https:\/\/www.todoeldia.com\/index.php\/wp-json\/wp\/v2\/media?parent=14070"}],"wp:term":[{"taxonomy":"category","embeddable":true,"href":"https:\/\/www.todoeldia.com\/index.php\/wp-json\/wp\/v2\/categories?post=14070"},{"taxonomy":"post_tag","embeddable":true,"href":"https:\/\/www.todoeldia.com\/index.php\/wp-json\/wp\/v2\/tags?post=14070"}],"curies":[{"name":"wp","href":"https:\/\/api.w.org\/{rel}","templated":true}]}}