{"id":14073,"date":"2020-12-19T20:22:02","date_gmt":"2020-12-19T23:22:02","guid":{"rendered":"https:\/\/www.todoeldia.com\/?p=14073"},"modified":"2020-12-19T20:22:03","modified_gmt":"2020-12-19T23:22:03","slug":"duhalde-sobre-las-criticas-de-cristina-kirchner-al-gabinete-es-atacar-directamente-al-presidente","status":"publish","type":"post","link":"https:\/\/www.todoeldia.com\/index.php\/2020\/12\/19\/duhalde-sobre-las-criticas-de-cristina-kirchner-al-gabinete-es-atacar-directamente-al-presidente\/","title":{"rendered":"Duhalde, sobre las cr\u00edticas de Cristina Kirchner al Gabinete: \u201cEs atacar directamente al Presidente\u201d"},"content":{"rendered":"\n<p>El ex mandatario consider\u00f3 que, adem\u00e1s de &#8220;una falta de respeto absoluta&#8221;, &#8220;directamente es atacar&#8221; al presidente Alberto Fern\u00e1ndez, a la vez que inst\u00f3 a los dirigentes pol\u00edticos a &#8220;ser responsables&#8221; porque puede haber &#8220;una matanza&#8221;.<\/p>\n\n\n\n<p>El ex mandatario Eduardo Duhalde lament\u00f3 las cr\u00edticas que hizo la vicepresidenta, Cristina Kirchner, al Gabinete y consider\u00f3 que, adem\u00e1s de &#8220;una falta de respeto absoluta&#8221;, &#8220;directamente es atacar&#8221; al presidente Alberto Fern\u00e1ndez, a la vez que inst\u00f3 a los dirigentes pol\u00edticos a &#8220;ser responsables&#8221; porque puede haber &#8220;una matanza&#8221;.<\/p>\n\n\n\n<p>&#8220;Es una falta de respeto absoluta al Presidente, que estaba ah\u00ed, presente. Pero parece que le gusta que lo maltraten. Eso no es un ninguneo, es peor, es directamente atacar al Presidente&#8221;, sostuvo el ex mandatario.<\/p>\n\n\n\n<p>En declaraciones radiales, el ex gobernador bonaerense subray\u00f3 que &#8220;la \u00fanica salida posible es el reencuentro de los argentinos, algo que algunos piensan ut\u00f3picos&#8221;.<\/p>\n\n\n\n<p>&#8220;Si no hacen un esfuerzo por hacer una gran coalici\u00f3n legislativa tipo la chilena post (Augusto) Pinochet, no hay salida, y ser\u00e1n responsables de una matanza, porque la Argentina puede caer en situaciones l\u00edmites&#8221;, advirti\u00f3.<\/p>\n\n\n\n<p>Luego de la carta abierta en la que hab\u00eda hablado de &#8220;funcionarios que no funcionan&#8221; y que precedi\u00f3 a la salida de Mar\u00eda Eugenia Bielsa del Ministerio de Desarrollo Territorial, Cristina Kirchner volvi\u00f3 a cuestionar al Gabinete en el acto que comparti\u00f3 junto a Alberto Fern\u00e1ndez en el Estadio Ciudad de La Plata, en la tarde del pasado viernes.<\/p>\n\n\n\n<p>&#8220;Todos aquellos que tengan miedo, o que no se animan, por favor, hay otras ocupaciones adem\u00e1s de ser ministros, ministras, legisladores, legisladoras. Vayan a buscar otro laburo&#8221;, lanz\u00f3 la vicepresidenta.<\/p>\n","protected":false},"excerpt":{"rendered":"<p>El ex mandatario consider\u00f3 que, adem\u00e1s de &#8220;una falta de respeto absoluta&#8221;, &#8220;directamente es atacar&#8221; al presidente Alberto Fern\u00e1ndez, a la vez que inst\u00f3 a los dirigentes pol\u00edticos a &#8220;ser responsables&#8221; porque puede haber &#8220;una matanza&#8221;. El ex mandatario Eduardo Duhalde lament\u00f3 las cr\u00edticas que hizo la vicepresidenta, Cristina Kirchner, al Gabinete y consider\u00f3 que, [&hellip;]<\/p>\n","protected":false},"author":2,"featured_media":14074,"comment_status":"open","ping_status":"open","sticky":false,"template":"","format":"standard","meta":{"tdm_status":"","tdm_grid_status":"","_joinchat":[],"footnotes":""},"categories":[59],"tags":[],"class_list":{"0":"post-14073","1":"post","2":"type-post","3":"status-publish","4":"format-standard","5":"has-post-thumbnail","7":"category-politica"},"amp_enabled":true,"_links":{"self":[{"href":"https:\/\/www.todoeldia.com\/index.php\/wp-json\/wp\/v2\/posts\/14073","targetHints":{"allow":["GET"]}}],"collection":[{"href":"https:\/\/www.todoeldia.com\/index.php\/wp-json\/wp\/v2\/posts"}],"about":[{"href":"https:\/\/www.todoeldia.com\/index.php\/wp-json\/wp\/v2\/types\/post"}],"author":[{"embeddable":true,"href":"https:\/\/www.todoeldia.com\/index.php\/wp-json\/wp\/v2\/users\/2"}],"replies":[{"embeddable":true,"href":"https:\/\/www.todoeldia.com\/index.php\/wp-json\/wp\/v2\/comments?post=14073"}],"version-history":[{"count":1,"href":"https:\/\/www.todoeldia.com\/index.php\/wp-json\/wp\/v2\/posts\/14073\/revisions"}],"predecessor-version":[{"id":14075,"href":"https:\/\/www.todoeldia.com\/index.php\/wp-json\/wp\/v2\/posts\/14073\/revisions\/14075"}],"wp:featuredmedia":[{"embeddable":true,"href":"https:\/\/www.todoeldia.com\/index.php\/wp-json\/wp\/v2\/media\/14074"}],"wp:attachment":[{"href":"https:\/\/www.todoeldia.com\/index.php\/wp-json\/wp\/v2\/media?parent=14073"}],"wp:term":[{"taxonomy":"category","embeddable":true,"href":"https:\/\/www.todoeldia.com\/index.php\/wp-json\/wp\/v2\/categories?post=14073"},{"taxonomy":"post_tag","embeddable":true,"href":"https:\/\/www.todoeldia.com\/index.php\/wp-json\/wp\/v2\/tags?post=14073"}],"curies":[{"name":"wp","href":"https:\/\/api.w.org\/{rel}","templated":true}]}}