{"id":14079,"date":"2020-12-19T20:32:15","date_gmt":"2020-12-19T23:32:15","guid":{"rendered":"https:\/\/www.todoeldia.com\/?p=14079"},"modified":"2020-12-19T20:39:31","modified_gmt":"2020-12-19T23:39:31","slug":"america-del-sur-impone-nuevos-cierres-y-mas-restricciones-la-pandemia-en-la-region","status":"publish","type":"post","link":"https:\/\/www.todoeldia.com\/index.php\/2020\/12\/19\/america-del-sur-impone-nuevos-cierres-y-mas-restricciones-la-pandemia-en-la-region\/","title":{"rendered":"Am\u00e9rica del Sur impone nuevos cierres y m\u00e1s restricciones: la pandemia en la regi\u00f3n"},"content":{"rendered":"\n<p>Aunque la segunda ola de contagios por el Covid-19 lleg\u00f3 hace un tiempo ya a Europa, hasta ahora, los casos ven\u00edan en bajada en varios pa\u00edses de Am\u00e9rica L\u00e1tina, situaci\u00f3n que lleg\u00f3 ya a su fin, debido a que en los \u00faltimos d\u00edas se ha visto un nuevo incremento de personas infectadas en varias regiones del sur.<\/p>\n\n\n\n<p>La preocupaci\u00f3n por esta segunda ola tiene que ver con que, en algunos casos, el panorama es m\u00e1s complejo que el que se vivi\u00f3 durante los primeros meses del inicio del brote y por eso las diferentes autoridades empezaron a adoptar nuevas medidas extremas.<\/p>\n\n\n\n<p>Uno de los claros ejemplos es Uruguay, un pa\u00eds que curs\u00f3 la pandemia de una manera muy buena hace unos meses, pero que sin embargo, ahora empez\u00f3 a tener una realidad mucho m\u00e1s compleja.<\/p>\n\n\n\n<p>Por eso mismo, como se ve un aceleramiento de la curva de contagios, el presidente Luis Lacalle Pou se vio obligado a llevar a cabo ciertas restricciones, que obviamente no benefician para nada a la naci\u00f3n, teniendo en cuenta que ahora viene su temporada alta en verano.<\/p>\n\n\n\n<p>A\u00fan as\u00ed, el jefe de Estado lanz\u00f3 un paquete de medidas destinadas a limitar las aglomeraciones y el transporte, entre el 21 de diciembre y el 10 de enero. Adem\u00e1s, revel\u00f3 que las fronteras estar\u00e1n cerradas entre el 21 de diciembre y el 10 de enero. Solo podr\u00e1n entrar uruguayos o residentes que hayan adquirido pasajes antes del 16 de diciembre.<\/p>\n\n\n\n<figure class=\"wp-block-image\"><img decoding=\"async\" src=\"https:\/\/px.cdn.bigbangnews.com\/bigbang\/122020\/1608315156792\/coronavirus-brasil-personas-calle-1599178396097.webp?cw=1200&amp;ch=750&amp;extw=jpg\" alt=\"Imagen\"\/><figcaption>Brasil tuvo m\u00e1s de 60 mil nuevos casos en las \u00faltimas 24 horas.<\/figcaption><\/figure>\n\n\n\n<p>Por su parte, Brasil tambi\u00e9n atraviesa un dif\u00edcil momento, ya que en las \u00faltimas 24 horas report\u00f3 68.832 nuevos casos y 1.054 nuevas muertes por Covid-19. Con estos n\u00fameros en rojo, el Gobierno opt\u00f3 por tomar medias m\u00e1s duras, aunque las decisiones no est\u00e1n centralizadas y dependen de las autoridades de cada localidad.<\/p>\n\n\n\n<p>De hecho, el presidente Jair Bolsonaro ha sido uno de los l\u00edderes mundiales que reiteradamente le rest\u00f3 importancia al alcance de la pandemia, aun cuano las estad\u00edsticas no avalan el razonamiento: hasta ahora suma 7.110.434 de casos y 184.827 fallecidos.<\/p>\n\n\n\n<p>Por lo pronto, la Corte Suprema autoriz\u00f3 a gobernadores y alcaldes a establecer como obligatoria la vacunaci\u00f3n contra el coronavirus, a contramano de la inmunizaci\u00f3n voluntaria defendida por el presidente Bolsonaro.<\/p>\n\n\n\n<p>A diferente de lo que pas\u00f3 anteriormente, en Colombia ocurri\u00f3 algo que no pasaba desde agosto, cuando se alertaba la llegada de un pico del virus en el pa\u00eds. A pesar de que la situaci\u00f3n parec\u00eda estar controlada, el 16 de diciembre se confirmaron 11.953 casos de coronavirus y se reportaron 204 muertes, lo que hace que la cifra de fallecidos totales sea de 39.560.<\/p>\n\n\n\n<p>Bogot\u00e1 es la ciudad con m\u00e1s casos de Covid-19, de acuerdo a las \u00faltimas cifras del Ministerio de Salud, que acumula 414.581 infectados, ubic\u00e1ndose encima de Antioquia, Valle del Cauca, Atl\u00e1ntico y Santander.<\/p>\n\n\n\n<figure class=\"wp-block-image is-resized\"><img loading=\"lazy\" decoding=\"async\" src=\"https:\/\/px.cdn.bigbangnews.com\/bigbang\/122020\/1608315189431\/5ecc4b9490daf.webp?cw=950&amp;ch=534&amp;extw=jpeg\" alt=\"Imagen\" width=\"1050\" height=\"592\"\/><figcaption>Bogot\u00e1 es la ciudad de Colombia m\u00e1s afectada por el Covid-19.<\/figcaption><\/figure>\n\n\n\n<p>Para controlar la situaci\u00f3n, Claudia L\u00f3pez, alcaldesa de Bogot\u00e1, orden\u00f3 la suspensi\u00f3n, hasta el 15 de enero de 2021, de los procedimientos quir\u00fargicos de mediana o alta complejidad que no sean urgentes, as\u00ed como los de complejidad intermedia que requieran hospitalizaci\u00f3n, para ayudar a despejar las salas de atenci\u00f3n m\u00e9dicas.<\/p>\n\n\n\n<p>Por su parte, M\u00e9xico tambi\u00e9n sufre un fuerte rebrote, luego de un periodo de apertura de actividades, que provoc\u00f3 un nuevo aumento de contagios. En relaci\u00f3n a esto, Jos\u00e9 Luis Alom\u00eda Zegarra, director nacional de Epidemiolog\u00eda, dio a conocer que la proporci\u00f3n de las personas que han dado positivo a la prueba de COVID-19 se encuentra en aumento.<\/p>\n\n\n\n<p>Por ahora el gobierno se muestra reticente a imponer un confinamiento o nuevas medidas restrictivas y apunta a una campa\u00f1a de comunicaci\u00f3n intensiva que apela a la responsabilidad ciudadana.<\/p>\n\n\n\n<figure class=\"wp-block-image is-resized\"><img loading=\"lazy\" decoding=\"async\" src=\"https:\/\/px.cdn.bigbangnews.com\/bigbang\/122020\/1608315246207\/urgencias%20covid-19%20coronavirus%20mexico.webp?cw=768&amp;ch=479&amp;extw=jpg\" alt=\"Imagen\" width=\"1074\" height=\"678\"\/><figcaption>M\u00e9xico presenta una suba en curva de contagios.<\/figcaption><\/figure>\n\n\n\n<p>En cuanto a Chile, que en las \u00faltimas 24 horas tuvo 2.403 nuevos casos y 44 nuevas muertes por coronavirus, de a poco su curva va aumentando, por lo que ahora el Gobierno espera la llegada de la vacuna, que comenzar\u00e1 dentro de poco a aplicarse.<\/p>\n\n\n\n<p>Sobe esto, el presidente Sebasti\u00e1n Pi\u00f1era anunci\u00f3 que la semana que viene comenzar\u00e1 la campa\u00f1a de inmunizaci\u00f3n con la f\u00f3rmula de Pfizer\/BioNTech.<\/p>\n\n\n\n<p>La situaci\u00f3n en Argentina<\/p>\n\n\n\n<p>A pesar de que la Argentina se encuentra en una fase de aperturas, con la llegada de las vacaciones en los pr\u00f3ximos meses, lo cierto es que en los \u00faltimos d\u00edas se empez\u00f3 a registrar tambi\u00e9n una suba en curva de contagios en el AMBA.<\/p>\n\n\n\n<p>Por esto mismo, las autoridades pidieron que los ciudadanos se cuiden de cara a las fiestas de Fin de A\u00f1o, cuando se espera que las reuniones familiares est\u00e9n a la orden del d\u00eda.<\/p>\n\n\n\n<p>Debido a esto, el presidente Alberto Fern\u00e1ndez anunci\u00f3 hoy que se prorrogar\u00e1 el Distanciamiento Social Preventivo y Obligatorio (DISPO) en todo el pa\u00eds hasta el 31 de enero del a\u00f1o pr\u00f3ximo, al mismo tiempo que solicit\u00f3 a toda la sociedad extremar las medidas de cuidado en el marco de las Fiestas de fin de a\u00f1o.<\/p>\n","protected":false},"excerpt":{"rendered":"<p>Aunque la segunda ola de contagios por el Covid-19 lleg\u00f3 hace un tiempo ya a Europa, hasta ahora, los casos ven\u00edan en bajada en varios pa\u00edses de Am\u00e9rica L\u00e1tina, situaci\u00f3n que lleg\u00f3 ya a su fin, debido a que en los \u00faltimos d\u00edas se ha visto un nuevo incremento de personas infectadas en varias regiones [&hellip;]<\/p>\n","protected":false},"author":2,"featured_media":14080,"comment_status":"open","ping_status":"open","sticky":false,"template":"","format":"standard","meta":{"tdm_status":"","tdm_grid_status":"","_joinchat":[],"footnotes":""},"categories":[73],"tags":[],"class_list":{"0":"post-14079","1":"post","2":"type-post","3":"status-publish","4":"format-standard","5":"has-post-thumbnail","7":"category-noticias-general"},"amp_enabled":true,"_links":{"self":[{"href":"https:\/\/www.todoeldia.com\/index.php\/wp-json\/wp\/v2\/posts\/14079","targetHints":{"allow":["GET"]}}],"collection":[{"href":"https:\/\/www.todoeldia.com\/index.php\/wp-json\/wp\/v2\/posts"}],"about":[{"href":"https:\/\/www.todoeldia.com\/index.php\/wp-json\/wp\/v2\/types\/post"}],"author":[{"embeddable":true,"href":"https:\/\/www.todoeldia.com\/index.php\/wp-json\/wp\/v2\/users\/2"}],"replies":[{"embeddable":true,"href":"https:\/\/www.todoeldia.com\/index.php\/wp-json\/wp\/v2\/comments?post=14079"}],"version-history":[{"count":2,"href":"https:\/\/www.todoeldia.com\/index.php\/wp-json\/wp\/v2\/posts\/14079\/revisions"}],"predecessor-version":[{"id":14083,"href":"https:\/\/www.todoeldia.com\/index.php\/wp-json\/wp\/v2\/posts\/14079\/revisions\/14083"}],"wp:featuredmedia":[{"embeddable":true,"href":"https:\/\/www.todoeldia.com\/index.php\/wp-json\/wp\/v2\/media\/14080"}],"wp:attachment":[{"href":"https:\/\/www.todoeldia.com\/index.php\/wp-json\/wp\/v2\/media?parent=14079"}],"wp:term":[{"taxonomy":"category","embeddable":true,"href":"https:\/\/www.todoeldia.com\/index.php\/wp-json\/wp\/v2\/categories?post=14079"},{"taxonomy":"post_tag","embeddable":true,"href":"https:\/\/www.todoeldia.com\/index.php\/wp-json\/wp\/v2\/tags?post=14079"}],"curies":[{"name":"wp","href":"https:\/\/api.w.org\/{rel}","templated":true}]}}