{"id":14089,"date":"2020-12-20T18:57:28","date_gmt":"2020-12-20T21:57:28","guid":{"rendered":"https:\/\/www.todoeldia.com\/?p=14089"},"modified":"2020-12-20T18:57:29","modified_gmt":"2020-12-20T21:57:29","slug":"se-metio-al-dique-cabra-corral-a-refrescarse-y-murio-ahogado","status":"publish","type":"post","link":"https:\/\/www.todoeldia.com\/index.php\/2020\/12\/20\/se-metio-al-dique-cabra-corral-a-refrescarse-y-murio-ahogado\/","title":{"rendered":"Se meti\u00f3 al dique Cabra Corral a refrescarse y muri\u00f3 ahogado"},"content":{"rendered":"\n<p>Un hombre de 26 a\u00f1os que hab\u00eda ingresado a las aguas del dique cabra Corral a refrescarse muri\u00f3 ahogado esta ma\u00f1ana cerca de las 11.<\/p>\n\n\n\n<p>Efectivos de la Divisi\u00f3n Lacustre y Fluvial de Cabra Corral rescataron el cuerpo de un joven de 26 a\u00f1os que habr\u00eda ingresado a ba\u00f1arse al espejo de agua. Pese a las maniobras de reanimaci\u00f3n por parte de personal policial y m\u00e9dico, la persona falleci\u00f3.<\/p>\n\n\n\n<p>Cerca de las 11, un llamado al n\u00famero 106 de emergencias n\u00e1uticas alert\u00f3 que un joven que se encontraba en el camping de la zona, ingreso a ba\u00f1arse junto a sus familiares y un momento dado se sumergi\u00f3 y lo perdieron de vista.<\/p>\n\n\n\n<p>Una comisi\u00f3n de la Divisi\u00f3n Lacustre y Fluvial arrib\u00f3 al lugar y tras un amplio rastrillaje logr\u00f3 localizar y extraer el cuerpo del joven el cual se hallaba a diez metros de la costa y tres metros de profundidad.<\/p>\n\n\n\n<p>Inmediatamente se lo traslado a la costa realiz\u00e1ndole trabajos de reanimaci\u00f3n cardio pulmonar hasta arribo de personal sanitario, quien continuo con los primeros auxilios, informando a los minutos el fallecimiento de la persona.<\/p>\n\n\n\n<p>La v\u00edctima hab\u00eda concurrido al lugar en compa\u00f1\u00eda de familiares.<\/p>\n\n\n\n<p>Por el hecho tom\u00f3 intervenci\u00f3n la Unidad de Graves Atentados contra las Personas N\u00b03.<\/p>\n","protected":false},"excerpt":{"rendered":"<p>Un hombre de 26 a\u00f1os que hab\u00eda ingresado a las aguas del dique cabra Corral a refrescarse muri\u00f3 ahogado esta ma\u00f1ana cerca de las 11. Efectivos de la Divisi\u00f3n Lacustre y Fluvial de Cabra Corral rescataron el cuerpo de un joven de 26 a\u00f1os que habr\u00eda ingresado a ba\u00f1arse al espejo de agua. Pese a [&hellip;]<\/p>\n","protected":false},"author":2,"featured_media":14090,"comment_status":"open","ping_status":"open","sticky":false,"template":"","format":"standard","meta":{"tdm_status":"","tdm_grid_status":"","_joinchat":[],"footnotes":""},"categories":[73],"tags":[],"class_list":{"0":"post-14089","1":"post","2":"type-post","3":"status-publish","4":"format-standard","5":"has-post-thumbnail","7":"category-noticias-general"},"amp_enabled":true,"_links":{"self":[{"href":"https:\/\/www.todoeldia.com\/index.php\/wp-json\/wp\/v2\/posts\/14089","targetHints":{"allow":["GET"]}}],"collection":[{"href":"https:\/\/www.todoeldia.com\/index.php\/wp-json\/wp\/v2\/posts"}],"about":[{"href":"https:\/\/www.todoeldia.com\/index.php\/wp-json\/wp\/v2\/types\/post"}],"author":[{"embeddable":true,"href":"https:\/\/www.todoeldia.com\/index.php\/wp-json\/wp\/v2\/users\/2"}],"replies":[{"embeddable":true,"href":"https:\/\/www.todoeldia.com\/index.php\/wp-json\/wp\/v2\/comments?post=14089"}],"version-history":[{"count":1,"href":"https:\/\/www.todoeldia.com\/index.php\/wp-json\/wp\/v2\/posts\/14089\/revisions"}],"predecessor-version":[{"id":14091,"href":"https:\/\/www.todoeldia.com\/index.php\/wp-json\/wp\/v2\/posts\/14089\/revisions\/14091"}],"wp:featuredmedia":[{"embeddable":true,"href":"https:\/\/www.todoeldia.com\/index.php\/wp-json\/wp\/v2\/media\/14090"}],"wp:attachment":[{"href":"https:\/\/www.todoeldia.com\/index.php\/wp-json\/wp\/v2\/media?parent=14089"}],"wp:term":[{"taxonomy":"category","embeddable":true,"href":"https:\/\/www.todoeldia.com\/index.php\/wp-json\/wp\/v2\/categories?post=14089"},{"taxonomy":"post_tag","embeddable":true,"href":"https:\/\/www.todoeldia.com\/index.php\/wp-json\/wp\/v2\/tags?post=14089"}],"curies":[{"name":"wp","href":"https:\/\/api.w.org\/{rel}","templated":true}]}}