{"id":14092,"date":"2020-12-20T19:02:27","date_gmt":"2020-12-20T22:02:27","guid":{"rendered":"https:\/\/www.todoeldia.com\/?p=14092"},"modified":"2020-12-20T19:02:28","modified_gmt":"2020-12-20T22:02:28","slug":"otros-dos-motociclistas-muertos","status":"publish","type":"post","link":"https:\/\/www.todoeldia.com\/index.php\/2020\/12\/20\/otros-dos-motociclistas-muertos\/","title":{"rendered":"Otros dos motociclistas muertos"},"content":{"rendered":"\n<p>Peritos en Criminal\u00edstica trabajaron en dos siniestros viales registrados en la tarde ayer, el primero en Santa Victoria Este y el segundo en Tartagal. Ambas v\u00edctimas eran conductores de motocicletas que producto del impact\u00f3 perdieron sus vidas.<\/p>\n\n\n\n<p>El primer siniestro se alert\u00f3, a las 17:15 en calle 25 de agosto y H\u00e9roes de Malvinas de la localidad de Santa Victoria Este, donde el conductor de una moto por causas que se tratan de establecer, impact\u00f3 contra una pared, el hombre fue trasladado al hospital zonal en un veh\u00edculo particular.<\/p>\n\n\n\n<p>Desde la guardia del hospital confirmaron que el motociclista de 62 a\u00f1os ingres\u00f3 sin vida.<\/p>\n\n\n\n<p>El otro accidente tuvo lugar pasadas las 18:30 en calle Araoz y Col\u00f3n, de la ciudad de Tartagal, donde se alert\u00f3 que joven en motocicleta habr\u00eda impactado con la parte trasera de un cami\u00f3n.<\/p>\n\n\n\n<p>El personal comisionado a verificar la situaci\u00f3n, constat\u00f3 que el siniestro tuvo como protagonista a un motociclista que por motivos que se investigan colision\u00f3 con la parte trasera de un cami\u00f3n.<\/p>\n\n\n\n<p>Producto del impact\u00f3 el conductor sufri\u00f3 graves lesiones, fue derivado de urgencia al hospital Juan Domingo Per\u00f3n, donde en horas de la madrugada se produjo su deceso.<\/p>\n","protected":false},"excerpt":{"rendered":"<p>Peritos en Criminal\u00edstica trabajaron en dos siniestros viales registrados en la tarde ayer, el primero en Santa Victoria Este y el segundo en Tartagal. Ambas v\u00edctimas eran conductores de motocicletas que producto del impact\u00f3 perdieron sus vidas. El primer siniestro se alert\u00f3, a las 17:15 en calle 25 de agosto y H\u00e9roes de Malvinas de [&hellip;]<\/p>\n","protected":false},"author":2,"featured_media":14093,"comment_status":"open","ping_status":"open","sticky":false,"template":"","format":"standard","meta":{"tdm_status":"","tdm_grid_status":"","_joinchat":[],"footnotes":""},"categories":[63],"tags":[],"class_list":{"0":"post-14092","1":"post","2":"type-post","3":"status-publish","4":"format-standard","5":"has-post-thumbnail","7":"category-policiales"},"amp_enabled":true,"_links":{"self":[{"href":"https:\/\/www.todoeldia.com\/index.php\/wp-json\/wp\/v2\/posts\/14092","targetHints":{"allow":["GET"]}}],"collection":[{"href":"https:\/\/www.todoeldia.com\/index.php\/wp-json\/wp\/v2\/posts"}],"about":[{"href":"https:\/\/www.todoeldia.com\/index.php\/wp-json\/wp\/v2\/types\/post"}],"author":[{"embeddable":true,"href":"https:\/\/www.todoeldia.com\/index.php\/wp-json\/wp\/v2\/users\/2"}],"replies":[{"embeddable":true,"href":"https:\/\/www.todoeldia.com\/index.php\/wp-json\/wp\/v2\/comments?post=14092"}],"version-history":[{"count":1,"href":"https:\/\/www.todoeldia.com\/index.php\/wp-json\/wp\/v2\/posts\/14092\/revisions"}],"predecessor-version":[{"id":14094,"href":"https:\/\/www.todoeldia.com\/index.php\/wp-json\/wp\/v2\/posts\/14092\/revisions\/14094"}],"wp:featuredmedia":[{"embeddable":true,"href":"https:\/\/www.todoeldia.com\/index.php\/wp-json\/wp\/v2\/media\/14093"}],"wp:attachment":[{"href":"https:\/\/www.todoeldia.com\/index.php\/wp-json\/wp\/v2\/media?parent=14092"}],"wp:term":[{"taxonomy":"category","embeddable":true,"href":"https:\/\/www.todoeldia.com\/index.php\/wp-json\/wp\/v2\/categories?post=14092"},{"taxonomy":"post_tag","embeddable":true,"href":"https:\/\/www.todoeldia.com\/index.php\/wp-json\/wp\/v2\/tags?post=14092"}],"curies":[{"name":"wp","href":"https:\/\/api.w.org\/{rel}","templated":true}]}}