{"id":14102,"date":"2020-12-20T19:17:15","date_gmt":"2020-12-20T22:17:15","guid":{"rendered":"https:\/\/www.todoeldia.com\/?p=14102"},"modified":"2020-12-20T19:17:16","modified_gmt":"2020-12-20T22:17:16","slug":"chile-anuncio-que-comenzara-a-aplicar-la-vacuna-de-pfizer-contra-el-coronavirus-esta-semana","status":"publish","type":"post","link":"https:\/\/www.todoeldia.com\/index.php\/2020\/12\/20\/chile-anuncio-que-comenzara-a-aplicar-la-vacuna-de-pfizer-contra-el-coronavirus-esta-semana\/","title":{"rendered":"Chile anunci\u00f3 que comenzar\u00e1 a aplicar la vacuna de Pfizer contra el coronavirus esta semana"},"content":{"rendered":"\n<p>Los primeros en recibirla ser\u00e1n los trabajadores de la salud, luego los adultos mayores y los enfermos cr\u00f3nicos. Ser\u00e1 el primer pa\u00eds de Am\u00e9rica Latina en inocular a su poblaci\u00f3n.<\/p>\n\n\n\n<p>Chile iniciar\u00e1 esta semana la campa\u00f1a de vacunaci\u00f3n contra el coronavirus, que comenzar\u00e1 con los trabajadores de la salud, seg\u00fan confirm\u00f3 este domingo el presidente Sebasti\u00e1n Pi\u00f1era. \u201cEsperamos iniciar el proceso de vacunaci\u00f3n en Chile la pr\u00f3xima semana y vamos a empezar con las personas que han estado en la primera l\u00ednea, en las unidades cr\u00edticas, atendiendo a los pacientes cr\u00edticos\u201d, se\u00f1al\u00f3 el jefe de Estado a la prensa local.<\/p>\n\n\n\n<p>En una entrevista publicada por el diario La Tercera, el ministro de Salud, Enrique Paris, detall\u00f3 que las primeras dosis llegar\u00e1n entre el lunes 21 y el martes 22 de diciembre, por lo que la campa\u00f1a de inoculaci\u00f3n empezar\u00e1 al d\u00eda siguiente: martes 22 o mi\u00e9rcoles 23.<\/p>\n\n\n\n<p>El gobierno chileno aprob\u00f3 el mi\u00e9rcoles pasado la vacuna de Pfizer\/BioNTech y aguarda la llegada de un primer cargamento con 20.000 dosis para iniciar el proceso de vacunaci\u00f3n en momentos en que el n\u00famero de contagios en el pa\u00eds aument\u00f3 un 22% en la \u00faltima semana.<\/p>\n\n\n\n<p>En la primera etapa se inocular\u00e1 a 9.875 personas. El inmunizante requiere la aplicaci\u00f3n de dos dosis, indic\u00f3 el ministro de salud.<\/p>\n\n\n\n<p>El plan contempla inocular en el primer trimestre del 2021 a 5 millones de personas de la poblaci\u00f3n de mayor riesgo: enfermos cr\u00f3nicos, adultos mayores y trabajadores de la salud.<\/p>\n\n\n\n<p>Para el primer semestre del pr\u00f3ximo a\u00f1o, se espera haber inoculado a 15 de los m\u00e1s de 18 millones de habitantes del pa\u00eds, indic\u00f3 Pi\u00f1era.<\/p>\n\n\n\n<p>\u201cLa vacunaci\u00f3n no es solamente para protegernos a nosotros mismos, es un acto de solidaridad, porque uno protege a todos\u201d, manifest\u00f3.<\/p>\n\n\n\n<p>Chile suscribi\u00f3 en septiembre acuerdos con Pfizer\/BioNTech para dotarse de 10 millones de dosis. En Am\u00e9rica Latina, tambi\u00e9n lo han hecho pa\u00edses como M\u00e9xico, Ecuador, Panam\u00e1 y Costa Rica. Sin embargo, con el anuncio de este domingo, Chile ser\u00e1 el primero de la regi\u00f3n en comenzar a vacunar a su poblaci\u00f3n.<\/p>\n\n\n\n<p>La vacuna desarrollada por el laboratorios estadounidense Pfizer y su socio alem\u00e1n BioNTech es la primera que ha recibido la luz verde de las autoridades reguladoras en varios pa\u00edses. Las campa\u00f1as de vacunaci\u00f3n ya han comenzado en el Reino Unido y Estados Unidos.<\/p>\n\n\n\n<p>El mi\u00e9rcoles, Chile cerr\u00f3 otro acuerdo con la biofarmac\u00e9utica china Sinovac para obtener otras 10 millones de vacunas, inform\u00f3 Paris. El ministro de Salud agreg\u00f3 que el pa\u00eds tiene un presupuesto de 200 millones de d\u00f3lares para adquirir vacunas y que se apresta a iniciar conversaciones con el laboratorio chino CanSino para que tambi\u00e9n le suministre inmunizantes.<\/p>\n\n\n\n<p>Adicionalmente, se integr\u00f3 en Covax -una iniciativa global liderada por la Organizaci\u00f3n Mundial de la Salud (OMS), la Uni\u00f3n Europea, pa\u00edses latinoamericanos y fundaciones como la de Bill y Melinda Gates-, lo que permitir\u00e1 al pa\u00eds acceder a otros ocho millones de dosis de la vacuna que elija y que tenga la validaci\u00f3n de la OMS.<\/p>\n\n\n\n<p>Chile reserv\u00f3 tambi\u00e9n 14,4 millones de dosis del inmunizante que est\u00e1 desarrollando el laboratorio AstraZeneca en conjunto con la Universidad de Oxford.<\/p>\n","protected":false},"excerpt":{"rendered":"<p>Los primeros en recibirla ser\u00e1n los trabajadores de la salud, luego los adultos mayores y los enfermos cr\u00f3nicos. Ser\u00e1 el primer pa\u00eds de Am\u00e9rica Latina en inocular a su poblaci\u00f3n. Chile iniciar\u00e1 esta semana la campa\u00f1a de vacunaci\u00f3n contra el coronavirus, que comenzar\u00e1 con los trabajadores de la salud, seg\u00fan confirm\u00f3 este domingo el presidente [&hellip;]<\/p>\n","protected":false},"author":2,"featured_media":14103,"comment_status":"open","ping_status":"open","sticky":false,"template":"","format":"standard","meta":{"tdm_status":"","tdm_grid_status":"","_joinchat":[],"footnotes":""},"categories":[65],"tags":[],"class_list":{"0":"post-14102","1":"post","2":"type-post","3":"status-publish","4":"format-standard","5":"has-post-thumbnail","7":"category-coronavirus"},"amp_enabled":true,"_links":{"self":[{"href":"https:\/\/www.todoeldia.com\/index.php\/wp-json\/wp\/v2\/posts\/14102","targetHints":{"allow":["GET"]}}],"collection":[{"href":"https:\/\/www.todoeldia.com\/index.php\/wp-json\/wp\/v2\/posts"}],"about":[{"href":"https:\/\/www.todoeldia.com\/index.php\/wp-json\/wp\/v2\/types\/post"}],"author":[{"embeddable":true,"href":"https:\/\/www.todoeldia.com\/index.php\/wp-json\/wp\/v2\/users\/2"}],"replies":[{"embeddable":true,"href":"https:\/\/www.todoeldia.com\/index.php\/wp-json\/wp\/v2\/comments?post=14102"}],"version-history":[{"count":1,"href":"https:\/\/www.todoeldia.com\/index.php\/wp-json\/wp\/v2\/posts\/14102\/revisions"}],"predecessor-version":[{"id":14104,"href":"https:\/\/www.todoeldia.com\/index.php\/wp-json\/wp\/v2\/posts\/14102\/revisions\/14104"}],"wp:featuredmedia":[{"embeddable":true,"href":"https:\/\/www.todoeldia.com\/index.php\/wp-json\/wp\/v2\/media\/14103"}],"wp:attachment":[{"href":"https:\/\/www.todoeldia.com\/index.php\/wp-json\/wp\/v2\/media?parent=14102"}],"wp:term":[{"taxonomy":"category","embeddable":true,"href":"https:\/\/www.todoeldia.com\/index.php\/wp-json\/wp\/v2\/categories?post=14102"},{"taxonomy":"post_tag","embeddable":true,"href":"https:\/\/www.todoeldia.com\/index.php\/wp-json\/wp\/v2\/tags?post=14102"}],"curies":[{"name":"wp","href":"https:\/\/api.w.org\/{rel}","templated":true}]}}