{"id":14121,"date":"2020-12-21T09:09:57","date_gmt":"2020-12-21T12:09:57","guid":{"rendered":"https:\/\/www.todoeldia.com\/?p=14121"},"modified":"2020-12-21T09:09:58","modified_gmt":"2020-12-21T12:09:58","slug":"tras-una-pelea-joven-de-22-anos-muere-apunalado-en-barrio-17-de-octubre","status":"publish","type":"post","link":"https:\/\/www.todoeldia.com\/index.php\/2020\/12\/21\/tras-una-pelea-joven-de-22-anos-muere-apunalado-en-barrio-17-de-octubre\/","title":{"rendered":"Tras una pelea joven de 22 a\u00f1os muere apu\u00f1alado en barrio 17 de Octubre"},"content":{"rendered":"\n<p>Un hombre de 22 a\u00f1os fue asesinado a pu\u00f1aladas ayer en barrio 17 de Octubre de la ciudad de Salta. La polic\u00eda trabaja a los fines de identificar y detener al autor del hecho y seg\u00fan trascendi\u00f3 el homicidio se produjo despu\u00e9s de una pelea.<\/p>\n\n\n\n<p>El fiscal penal 3 de la Unidad de Graves Atentados contra las Personas en turno, Gustavo Torres Rubelt, investiga el homicidio de Ariel Videla de 22 a\u00f1os, ocurrido alrededor de las 8.30 en barrio 17 de Octubre.<\/p>\n\n\n\n<p>Seg\u00fan pudo saberse, la v\u00edctima fue agredida con un arma blanca en el contexto de una pelea y un llamado de alerta al Sistema de Emergencias 911, advirti\u00f3 que hab\u00eda una persona herida y cuando lleg\u00f3 la ambulancia, ya hab\u00eda fallecido.<\/p>\n\n\n\n<p>El fiscal dispuso el trabajo en el lugar de personal del Cuerpo de Investigaciones Fiscales y del personal de la Divisi\u00f3n Homicidios de la Polic\u00eda de la Provincia, que trabaja en la aprehensi\u00f3n del causante. Torres Rubelt explic\u00f3 que el cuerpo fue trasladado al Servicio de Tanatolog\u00eda Forense del CIF, donde cumplidos los protocolos sanitarios vigentes, se le practic\u00f3 la autopsia.<\/p>\n","protected":false},"excerpt":{"rendered":"<p>Un hombre de 22 a\u00f1os fue asesinado a pu\u00f1aladas ayer en barrio 17 de Octubre de la ciudad de Salta. La polic\u00eda trabaja a los fines de identificar y detener al autor del hecho y seg\u00fan trascendi\u00f3 el homicidio se produjo despu\u00e9s de una pelea. El fiscal penal 3 de la Unidad de Graves Atentados [&hellip;]<\/p>\n","protected":false},"author":2,"featured_media":14122,"comment_status":"open","ping_status":"open","sticky":false,"template":"","format":"standard","meta":{"tdm_status":"","tdm_grid_status":"","_joinchat":[],"footnotes":""},"categories":[63],"tags":[],"class_list":{"0":"post-14121","1":"post","2":"type-post","3":"status-publish","4":"format-standard","5":"has-post-thumbnail","7":"category-policiales"},"amp_enabled":true,"_links":{"self":[{"href":"https:\/\/www.todoeldia.com\/index.php\/wp-json\/wp\/v2\/posts\/14121","targetHints":{"allow":["GET"]}}],"collection":[{"href":"https:\/\/www.todoeldia.com\/index.php\/wp-json\/wp\/v2\/posts"}],"about":[{"href":"https:\/\/www.todoeldia.com\/index.php\/wp-json\/wp\/v2\/types\/post"}],"author":[{"embeddable":true,"href":"https:\/\/www.todoeldia.com\/index.php\/wp-json\/wp\/v2\/users\/2"}],"replies":[{"embeddable":true,"href":"https:\/\/www.todoeldia.com\/index.php\/wp-json\/wp\/v2\/comments?post=14121"}],"version-history":[{"count":1,"href":"https:\/\/www.todoeldia.com\/index.php\/wp-json\/wp\/v2\/posts\/14121\/revisions"}],"predecessor-version":[{"id":14123,"href":"https:\/\/www.todoeldia.com\/index.php\/wp-json\/wp\/v2\/posts\/14121\/revisions\/14123"}],"wp:featuredmedia":[{"embeddable":true,"href":"https:\/\/www.todoeldia.com\/index.php\/wp-json\/wp\/v2\/media\/14122"}],"wp:attachment":[{"href":"https:\/\/www.todoeldia.com\/index.php\/wp-json\/wp\/v2\/media?parent=14121"}],"wp:term":[{"taxonomy":"category","embeddable":true,"href":"https:\/\/www.todoeldia.com\/index.php\/wp-json\/wp\/v2\/categories?post=14121"},{"taxonomy":"post_tag","embeddable":true,"href":"https:\/\/www.todoeldia.com\/index.php\/wp-json\/wp\/v2\/tags?post=14121"}],"curies":[{"name":"wp","href":"https:\/\/api.w.org\/{rel}","templated":true}]}}