{"id":14130,"date":"2020-12-21T09:49:17","date_gmt":"2020-12-21T12:49:17","guid":{"rendered":"https:\/\/www.todoeldia.com\/?p=14130"},"modified":"2020-12-21T09:49:18","modified_gmt":"2020-12-21T12:49:18","slug":"uruguay-cerro-todas-sus-fronteras-por-el-coronavirus-y-desplego-militares-para-controlar-los-pasos-desde-argentina-y-brasil","status":"publish","type":"post","link":"https:\/\/www.todoeldia.com\/index.php\/2020\/12\/21\/uruguay-cerro-todas-sus-fronteras-por-el-coronavirus-y-desplego-militares-para-controlar-los-pasos-desde-argentina-y-brasil\/","title":{"rendered":"Uruguay cerr\u00f3 todas sus fronteras por el coronavirus y despleg\u00f3 militares para controlar los pasos desde Argentina y Brasil"},"content":{"rendered":"\n<p>Tambi\u00e9n limit\u00f3 el derecho de reuni\u00f3n para \u201cpreservar el derecho a la vida y la salud\u201d<\/p>\n\n\n\n<p>Uruguay inicia a partir de este lunes el cierre de sus fronteras a\u00e9reas, mar\u00edtimas y terrestres as\u00ed como la entrada en vigencia de la ley que limita el derecho de reuni\u00f3n por el aumento de casos de la covid-19 en ese pa\u00eds en las \u00faltimas semanas. En casos de desobediencia, se aplicar\u00e1 una multa.<\/p>\n\n\n\n<p>As\u00ed lo explicaron en conferencia de prensa el domingo los ministros de Defensa, Javier Garc\u00eda, e Interior, Jorge Larra\u00f1aga, quienes coincidieron en el llamamiento a la poblaci\u00f3n de ese pa\u00eds a acatar las normas y evitar aglomeraciones.<\/p>\n\n\n\n<p>25 puertos de control y 500 efectivos<\/p>\n\n\n\n<figure class=\"wp-block-image is-resized\"><img loading=\"lazy\" decoding=\"async\" src=\"https:\/\/www.infobae.com\/new-resizer\/hqba8k-FeupmIxHUY9x3oQnm-RU=\/420x236\/filters:format(jpg):quality(85)\/\/cloudfront-us-east-1.images.arcpublishing.com\/infobae\/4MZLAQ6SH5GKJOMNUHFDZWCAQQ.jpg\" alt=\"La frontera entre Uruguay y Brasil en Rivera y Santana do Livramento\" width=\"1043\" height=\"617\"\/><figcaption>La frontera entre Uruguay y Brasil en Rivera y Santana do Livramento<\/figcaption><\/figure>\n\n\n\n<p>Garc\u00eda detall\u00f3 que a partir de este lunes se desplegar\u00e1n por todas las zonas lim\u00edtrofes con Argentina y Brasil m\u00e1s de 500 integrantes del Ej\u00e9rcito y la Armada con 25 puestos de control en los que se permitir\u00e1 el ingreso para las excepciones de transporte de carga y ayuda humanitaria.<\/p>\n\n\n\n<p>\u201cQueremos decir que esta disposici\u00f3n nadie la adopta con alegr\u00eda, en ninguna circunstancia. Pero est\u00e1n determinadas porque hay que preservar derechos muy importantes y dir\u00eda que sagrados como el derecho a la vida y la salud\u201d, expres\u00f3.<\/p>\n\n\n\n<p>Agreg\u00f3 que en la frontera con Brasil, especialmente, se da el \u201cfen\u00f3meno\u201d de la \u201cvida binacional\u201d, en la que ciudadanos uruguayos se trasladan a Brasil a trabajar y viceversa, por lo que se\u00f1al\u00f3 que en esos casos se solicitar\u00e1, como medida de comprobaci\u00f3n, los documentos de identidad y se revisar\u00e1n los movimientos migratorios.<\/p>\n\n\n\n<p>\u201cVamos a ser muy estrictos con el cumplimiento de la ley, as\u00ed que tanto en los 25 puestos de control en todo el per\u00edmetro del pa\u00eds como en lo que significa los puentes van a estar cerrados y al tiempo recordamos que est\u00e1n prohibidos los vuelos particulares y todo medio de transporte terrestre y mar\u00edtimo\u201d, apunt\u00f3.<\/p>\n\n\n\n<p>Multas entre 900 y 30 mil d\u00f3lares<\/p>\n\n\n\n<figure class=\"wp-block-image is-resized\"><img loading=\"lazy\" decoding=\"async\" src=\"https:\/\/www.infobae.com\/new-resizer\/2QoeZppviyJOICwAbUdpSiN9xUs=\/420x280\/filters:format(jpg):quality(85)\/\/cloudfront-us-east-1.images.arcpublishing.com\/infobae\/ILQTSMWVJ5CYREAGYBJPLCG3WE.jpg\" alt=\"Personas visitan la feria barrial de Trist\u00e1n Narvaja, el 18 de octubre del 2020, en su 150 aniversario, en Montevideo (Uruguay). EFE\/Ra\u00fal Mart\u00ednez\/Archivo\n\" width=\"1060\" height=\"739\"\/><figcaption>Personas visitan la feria barrial de Trist\u00e1n Narvaja, el 18 de octubre del 2020, en su 150 aniversario, en Montevideo (Uruguay<\/figcaption><\/figure>\n\n\n\n<p>La semana pasada Uruguay tambi\u00e9n aprob\u00f3 una ley que modific\u00f3 el art\u00edculo 38 de la Constituci\u00f3n para permitir la limitaci\u00f3n del derecho a reuni\u00f3n \u201ccuando se est\u00e9 notoriamente atentando contra la salud\u201d.<\/p>\n\n\n\n<p>Con respecto a la limitaci\u00f3n de las reuniones y aglomeraciones de personas, el ministro de Interior explic\u00f3 que las fiscalizaciones estar\u00e1n a cargo de los Centros Coordinadores de Emergencias Departamentales que estar\u00e1n constituidos por los Ministerios del Interior y Defensa, Fiscal\u00eda, presididos por los 19 intendentes del pa\u00eds.<\/p>\n\n\n\n<p>Asimismo, remarc\u00f3 que las multas por el desacato de esta ley oscilar\u00e1 entre 30 y 1.000 Unidades Reajustables (de unos 922 a 30.700 d\u00f3lares).<\/p>\n\n\n\n<p>&nbsp;\u201cEsto implica la responsabilidad de cada uno de los uruguayos. La ley que acaba de aprobarse es para cuidar a la gente a la salud y la vida y por eso hay que asumir una decisi\u00f3n frente a los intereses en juego aun a costa de poder limitar alg\u00fan tipo de derecho\u201d, afirm\u00f3 el ministro de Interior.<\/p>\n\n\n\n<p>A\u00f1adi\u00f3 que cuando se tome de decisi\u00f3n de intervenir sobre reuniones y aglomeraciones se tendr\u00e1 en cuenta el n\u00famero de integrantes en cada situaci\u00f3n que generen un \u201cnotorio riesgo a la salud\u201d que ser\u00e1 el criterio aplicado por el Ministerio de Salud P\u00fablica y las autoridades policiales intervinientes.<\/p>\n\n\n\n<p>\u201cAqu\u00ed est\u00e1 en juego la salud de la gente y no es posible que gente irresponsable y que act\u00fae con indolencia ponga en riesgo la salud de todos\u201d, concluy\u00f3.<\/p>\n\n\n\n<p>\u201cSi la gente puede quedarse en casa y no siente angustia o estr\u00e9s, que se quede, pero no es obligatorio\u201d, ha remarcado por su parte el presidente Lacalle Pou, que ha recordado que \u201cla conducta de cada uno de nosotros condiciona la salud de todos\u201d, seg\u00fan recoge El Observador.<\/p>\n\n\n\n<p>Las nuevas medidas tendr\u00e1n una vigencia de 60 d\u00edas y que podr\u00edan ser prorrogadas por otros 30.<\/p>\n\n\n\n<p>Primera ola<\/p>\n\n\n\n<p>Tras nueve meses de emergencia sanitaria, Uruguay vive su \u201cprimera ola\u201d de coronavirus. Desde el 13 de marzo, cuando aparecieron los cuatro primeros positivos de covid-19, Uruguay registra 13.048 personas contagiadas (4.602 de ellas activas) y 119 fallecidas.<\/p>\n\n\n\n<p>La semana pasada, Lacalle Pou dijo que el Gobierno est\u00e1 haciendo \u201ctodo lo posible por tener la mejor\u201d vacuna contra la covid-19 en el menor tiempo posible y que est\u00e1n manteniendo reuniones al m\u00e1s alto nivel para concretarlo.<\/p>\n\n\n\n<p>El mandatario ha agradecido durante una comparecencia la conducta de los ciudadanos, responsable de los \u201cn\u00fameros positivos\u201d que ha registrado el pa\u00eds hasta el momento, ya que \u201cla segunda ola del mundo es nuestra primera ola\u201d.<\/p>\n\n\n\n<p>A\u00fan as\u00ed, la semana pasada la Uni\u00f3n Europea ha sacado a Uruguay de la lista de menos de una decena de pa\u00edses extracomunitarios a los que mantiene su frontera exterior abierta, al considerar que la situaci\u00f3n epidemiol\u00f3gica se ha deteriorado en este destino y los viajes elevar\u00edan el riesgo de propagaci\u00f3n del coronavirus.<\/p>\n\n\n\n<p>M\u00c1S SOBRE ESTE TEMA:<\/p>\n\n\n\n<p>M\u00e1s de 60 aviones privados llegaron al Aeropuerto de Punta del Este este fin de semana, antes del cierre de fronteras por coronavirus<\/p>\n\n\n\n<p>El Parlamento uruguayo ratific\u00f3 la ley impulsada por Lacalle Pou para cerrar las fronteras durante 20 d\u00edas por el COVID-19<\/p>\n","protected":false},"excerpt":{"rendered":"<p>Tambi\u00e9n limit\u00f3 el derecho de reuni\u00f3n para \u201cpreservar el derecho a la vida y la salud\u201d Uruguay inicia a partir de este lunes el cierre de sus fronteras a\u00e9reas, mar\u00edtimas y terrestres as\u00ed como la entrada en vigencia de la ley que limita el derecho de reuni\u00f3n por el aumento de casos de la covid-19 [&hellip;]<\/p>\n","protected":false},"author":2,"featured_media":14131,"comment_status":"open","ping_status":"open","sticky":false,"template":"","format":"standard","meta":{"tdm_status":"","tdm_grid_status":"","_joinchat":[],"footnotes":""},"categories":[65],"tags":[],"class_list":{"0":"post-14130","1":"post","2":"type-post","3":"status-publish","4":"format-standard","5":"has-post-thumbnail","7":"category-coronavirus"},"amp_enabled":true,"_links":{"self":[{"href":"https:\/\/www.todoeldia.com\/index.php\/wp-json\/wp\/v2\/posts\/14130","targetHints":{"allow":["GET"]}}],"collection":[{"href":"https:\/\/www.todoeldia.com\/index.php\/wp-json\/wp\/v2\/posts"}],"about":[{"href":"https:\/\/www.todoeldia.com\/index.php\/wp-json\/wp\/v2\/types\/post"}],"author":[{"embeddable":true,"href":"https:\/\/www.todoeldia.com\/index.php\/wp-json\/wp\/v2\/users\/2"}],"replies":[{"embeddable":true,"href":"https:\/\/www.todoeldia.com\/index.php\/wp-json\/wp\/v2\/comments?post=14130"}],"version-history":[{"count":1,"href":"https:\/\/www.todoeldia.com\/index.php\/wp-json\/wp\/v2\/posts\/14130\/revisions"}],"predecessor-version":[{"id":14132,"href":"https:\/\/www.todoeldia.com\/index.php\/wp-json\/wp\/v2\/posts\/14130\/revisions\/14132"}],"wp:featuredmedia":[{"embeddable":true,"href":"https:\/\/www.todoeldia.com\/index.php\/wp-json\/wp\/v2\/media\/14131"}],"wp:attachment":[{"href":"https:\/\/www.todoeldia.com\/index.php\/wp-json\/wp\/v2\/media?parent=14130"}],"wp:term":[{"taxonomy":"category","embeddable":true,"href":"https:\/\/www.todoeldia.com\/index.php\/wp-json\/wp\/v2\/categories?post=14130"},{"taxonomy":"post_tag","embeddable":true,"href":"https:\/\/www.todoeldia.com\/index.php\/wp-json\/wp\/v2\/tags?post=14130"}],"curies":[{"name":"wp","href":"https:\/\/api.w.org\/{rel}","templated":true}]}}