{"id":14162,"date":"2020-12-21T14:22:35","date_gmt":"2020-12-21T17:22:35","guid":{"rendered":"https:\/\/www.todoeldia.com\/?p=14162"},"modified":"2020-12-21T14:23:23","modified_gmt":"2020-12-21T17:23:23","slug":"tartagal-mato-a-su-compadre-a-punaladas","status":"publish","type":"post","link":"https:\/\/www.todoeldia.com\/index.php\/2020\/12\/21\/tartagal-mato-a-su-compadre-a-punaladas\/","title":{"rendered":"Tartagal: mat\u00f3 a su compadre a pu\u00f1aladas"},"content":{"rendered":"\n<p>Ocurri\u00f3 en las primeras horas de este lunes en Villa Saavedra en Tartagal, donde dos hombres que manten\u00edan una amistad, mantuvieron una pelea y uno de ellos le propin\u00f3 varias pu\u00f1aladas al otro, causando su muerte. Fue detenido y ser\u00e1 imputado en las pr\u00f3ximas horas.<\/p>\n\n\n\n<p>El fiscal penal de la Unidad de Graves Atentados contra las Personas de Tartagal, Pablo Cabot, investiga el homicidio de Pablo Ernesto S\u00e1nchez de 20 a\u00f1os, ocurrido alrededor de las 3 de este lunes en una vivienda de calle Juana Azurduy al 600 de Villa Saavedra de esa ciudad.<\/p>\n\n\n\n<p>Seg\u00fan pudo conocerse, la v\u00edctima se encontraba junto a su compadre y por razones que se tratan de establecer, mantuvieron una pelea y recibi\u00f3 diversas pu\u00f1aladas que le provocaron la muerte.<\/p>\n\n\n\n<p>El sospechoso del homicidio es un joven de 18 a\u00f1os y fue detenido en el domicilio de sus padres, donde se secuestraron elementos de inter\u00e9s para la causa. Ser\u00e1 imputado en las pr\u00f3ximas horas.<\/p>\n\n\n\n<p>El fiscal Cabot dispuso que se realice la autopsia del fallecido en las dependencias del CIF Delegaci\u00f3n Or\u00e1n, previo cumplimiento de<\/p>\n","protected":false},"excerpt":{"rendered":"<p>Ocurri\u00f3 en las primeras horas de este lunes en Villa Saavedra en Tartagal, donde dos hombres que manten\u00edan una amistad, mantuvieron una pelea y uno de ellos le propin\u00f3 varias pu\u00f1aladas al otro, causando su muerte. Fue detenido y ser\u00e1 imputado en las pr\u00f3ximas horas. El fiscal penal de la Unidad de Graves Atentados contra [&hellip;]<\/p>\n","protected":false},"author":2,"featured_media":14165,"comment_status":"open","ping_status":"open","sticky":false,"template":"","format":"standard","meta":{"tdm_status":"","tdm_grid_status":"","_joinchat":[],"footnotes":""},"categories":[63],"tags":[],"class_list":{"0":"post-14162","1":"post","2":"type-post","3":"status-publish","4":"format-standard","5":"has-post-thumbnail","7":"category-policiales"},"amp_enabled":true,"_links":{"self":[{"href":"https:\/\/www.todoeldia.com\/index.php\/wp-json\/wp\/v2\/posts\/14162","targetHints":{"allow":["GET"]}}],"collection":[{"href":"https:\/\/www.todoeldia.com\/index.php\/wp-json\/wp\/v2\/posts"}],"about":[{"href":"https:\/\/www.todoeldia.com\/index.php\/wp-json\/wp\/v2\/types\/post"}],"author":[{"embeddable":true,"href":"https:\/\/www.todoeldia.com\/index.php\/wp-json\/wp\/v2\/users\/2"}],"replies":[{"embeddable":true,"href":"https:\/\/www.todoeldia.com\/index.php\/wp-json\/wp\/v2\/comments?post=14162"}],"version-history":[{"count":1,"href":"https:\/\/www.todoeldia.com\/index.php\/wp-json\/wp\/v2\/posts\/14162\/revisions"}],"predecessor-version":[{"id":14164,"href":"https:\/\/www.todoeldia.com\/index.php\/wp-json\/wp\/v2\/posts\/14162\/revisions\/14164"}],"wp:featuredmedia":[{"embeddable":true,"href":"https:\/\/www.todoeldia.com\/index.php\/wp-json\/wp\/v2\/media\/14165"}],"wp:attachment":[{"href":"https:\/\/www.todoeldia.com\/index.php\/wp-json\/wp\/v2\/media?parent=14162"}],"wp:term":[{"taxonomy":"category","embeddable":true,"href":"https:\/\/www.todoeldia.com\/index.php\/wp-json\/wp\/v2\/categories?post=14162"},{"taxonomy":"post_tag","embeddable":true,"href":"https:\/\/www.todoeldia.com\/index.php\/wp-json\/wp\/v2\/tags?post=14162"}],"curies":[{"name":"wp","href":"https:\/\/api.w.org\/{rel}","templated":true}]}}