{"id":14177,"date":"2020-12-21T21:05:12","date_gmt":"2020-12-22T00:05:12","guid":{"rendered":"https:\/\/www.todoeldia.com\/?p=14177"},"modified":"2020-12-21T21:05:14","modified_gmt":"2020-12-22T00:05:14","slug":"asumieron-nuevos-jefes-policiales-en-metan-y-jv-gonzalez","status":"publish","type":"post","link":"https:\/\/www.todoeldia.com\/index.php\/2020\/12\/21\/asumieron-nuevos-jefes-policiales-en-metan-y-jv-gonzalez\/","title":{"rendered":"Asumieron nuevos jefes policiales en Metan y JV Gonz\u00e1lez"},"content":{"rendered":"\n<p>Fueron puestos hoy en funciones el Director de Unidad Regional N\u00b0 3 en Metan al Comisario Mayor Lic. Eduardo Dar\u00edo S\u00e1nchez Rosado, en tanto en la tarde la Comisario Mayor Adriana Macarof har\u00e1 lo propio en Joaqu\u00edn V\u00edctor Gonz\u00e1lez. Los actos fueron presididos por el Secretario de Seguridad Dr. Benjam\u00edn Cruz y el Jefe de Polic\u00eda Comisario General Lic. Jos\u00e9 Alberto Ibarra.<\/p>\n\n\n\n<p>A partir de hoy la Direcci\u00f3n de Unidad Regional N\u00ba 3, estar\u00e1 ocupada por el Crio. My.&nbsp; Lic. Eduardo Dar\u00edo S\u00e1nchez Rosado, quien ya hab\u00eda desempe\u00f1ado esa funci\u00f3n en los \u00faltimos meses.<\/p>\n\n\n\n<p>El Secretario de Seguridad, Benjam\u00edn Cruz junto al Jefe de Polic\u00eda Comisario General Lic. Jos\u00e9 Alberto Ibarra encabezaron junto al intendente comunal Jos\u00e9 Mar\u00eda Issa, los actos donde qued\u00f3 constituida la Jefatura de Regional.<\/p>\n\n\n\n<p>En lo que respecta a la Unidad Regional N\u00ba 5, con cabecera en la ciudad de Joaqu\u00edn V\u00edctor Gonz\u00e1lez, asumir\u00e1 esta tarde la Comisario Mayor Adriana Cristina Macarof.<\/p>\n","protected":false},"excerpt":{"rendered":"<p>Fueron puestos hoy en funciones el Director de Unidad Regional N\u00b0 3 en Metan al Comisario Mayor Lic. Eduardo Dar\u00edo S\u00e1nchez Rosado, en tanto en la tarde la Comisario Mayor Adriana Macarof har\u00e1 lo propio en Joaqu\u00edn V\u00edctor Gonz\u00e1lez. Los actos fueron presididos por el Secretario de Seguridad Dr. Benjam\u00edn Cruz y el Jefe de [&hellip;]<\/p>\n","protected":false},"author":2,"featured_media":14178,"comment_status":"open","ping_status":"open","sticky":false,"template":"","format":"standard","meta":{"tdm_status":"","tdm_grid_status":"","_joinchat":[],"footnotes":""},"categories":[63],"tags":[],"class_list":{"0":"post-14177","1":"post","2":"type-post","3":"status-publish","4":"format-standard","5":"has-post-thumbnail","7":"category-policiales"},"amp_enabled":true,"_links":{"self":[{"href":"https:\/\/www.todoeldia.com\/index.php\/wp-json\/wp\/v2\/posts\/14177","targetHints":{"allow":["GET"]}}],"collection":[{"href":"https:\/\/www.todoeldia.com\/index.php\/wp-json\/wp\/v2\/posts"}],"about":[{"href":"https:\/\/www.todoeldia.com\/index.php\/wp-json\/wp\/v2\/types\/post"}],"author":[{"embeddable":true,"href":"https:\/\/www.todoeldia.com\/index.php\/wp-json\/wp\/v2\/users\/2"}],"replies":[{"embeddable":true,"href":"https:\/\/www.todoeldia.com\/index.php\/wp-json\/wp\/v2\/comments?post=14177"}],"version-history":[{"count":1,"href":"https:\/\/www.todoeldia.com\/index.php\/wp-json\/wp\/v2\/posts\/14177\/revisions"}],"predecessor-version":[{"id":14179,"href":"https:\/\/www.todoeldia.com\/index.php\/wp-json\/wp\/v2\/posts\/14177\/revisions\/14179"}],"wp:featuredmedia":[{"embeddable":true,"href":"https:\/\/www.todoeldia.com\/index.php\/wp-json\/wp\/v2\/media\/14178"}],"wp:attachment":[{"href":"https:\/\/www.todoeldia.com\/index.php\/wp-json\/wp\/v2\/media?parent=14177"}],"wp:term":[{"taxonomy":"category","embeddable":true,"href":"https:\/\/www.todoeldia.com\/index.php\/wp-json\/wp\/v2\/categories?post=14177"},{"taxonomy":"post_tag","embeddable":true,"href":"https:\/\/www.todoeldia.com\/index.php\/wp-json\/wp\/v2\/tags?post=14177"}],"curies":[{"name":"wp","href":"https:\/\/api.w.org\/{rel}","templated":true}]}}