{"id":14192,"date":"2020-12-22T08:55:59","date_gmt":"2020-12-22T11:55:59","guid":{"rendered":"https:\/\/www.todoeldia.com\/?p=14192"},"modified":"2020-12-22T08:56:00","modified_gmt":"2020-12-22T11:56:00","slug":"la-violo-en-el-bano-de-un-pub-de-la-calle-balcarce","status":"publish","type":"post","link":"https:\/\/www.todoeldia.com\/index.php\/2020\/12\/22\/la-violo-en-el-bano-de-un-pub-de-la-calle-balcarce\/","title":{"rendered":"La viol\u00f3 en el ba\u00f1o de un Pub de la Calle Balcarce"},"content":{"rendered":"\n<p>Un hombre ce 28 a\u00f1os se aprovech\u00f3 de una joven que estaba bajo los efectos del alcohol, la acompa\u00f1\u00f3 al ba\u00f1o y termin\u00f3 viol\u00e1ndola en un pub de la calle Balcarce.<\/p>\n\n\n\n<p>El fiscal penal 1 de la Unidad de Delitos contra la Integridad Sexual, Federico Obeid, requiri\u00f3 ante el Juzgado de Garant\u00edas 5, la elevaci\u00f3n a juicio de la causa que tiene como imputado a un hombre de 28 a\u00f1os, acusado del delito de abuso sexual con acceso carnal, en calidad de autor.<\/p>\n\n\n\n<p>El requerimiento surgi\u00f3 que el acusado aprovech\u00f3 el estado de la v\u00edctima, de 24 a\u00f1os en el momento del hecho, para accederla carnalmente contra su voluntad, ya que ella no pudo consentir libremente la acci\u00f3n al estar bajo los efectos del consumo de alcohol.<\/p>\n\n\n\n<p>La circunstancia fue aprovechada por el imputado, quien acompa\u00f1\u00f3 a la v\u00edctima al primer piso de un pub del Paseo Balcarce, al que concurrieron junto a un grupo de amigos, e ingres\u00f3 al ba\u00f1o junto a ella para cometer el abuso.<\/p>\n\n\n\n<p>De lo expuesto, se tiene que el acusado, con su actuar depravado e insano y para satisfacer su propia lascivia, atent\u00f3 contra la integridad sexual de la v\u00edctima, al accederla carnalmente en contra de su voluntad y provocarle lesiones que fueron constatadas en un informe m\u00e9dico.<\/p>\n\n\n\n<p>De \u00e9sta manera, el acusado con su actuar doloso, atent\u00f3 contra la libertad sexual de la v\u00edctima, al someterla a una relaci\u00f3n sexual involuntaria cuando la v\u00edctima se encontraba en un estado que no le permit\u00eda consentir libremente el acto.<\/p>\n","protected":false},"excerpt":{"rendered":"<p>Un hombre ce 28 a\u00f1os se aprovech\u00f3 de una joven que estaba bajo los efectos del alcohol, la acompa\u00f1\u00f3 al ba\u00f1o y termin\u00f3 viol\u00e1ndola en un pub de la calle Balcarce. El fiscal penal 1 de la Unidad de Delitos contra la Integridad Sexual, Federico Obeid, requiri\u00f3 ante el Juzgado de Garant\u00edas 5, la elevaci\u00f3n [&hellip;]<\/p>\n","protected":false},"author":2,"featured_media":14194,"comment_status":"open","ping_status":"open","sticky":false,"template":"","format":"standard","meta":{"tdm_status":"","tdm_grid_status":"","_joinchat":[],"footnotes":""},"categories":[63],"tags":[],"class_list":{"0":"post-14192","1":"post","2":"type-post","3":"status-publish","4":"format-standard","5":"has-post-thumbnail","7":"category-policiales"},"amp_enabled":true,"_links":{"self":[{"href":"https:\/\/www.todoeldia.com\/index.php\/wp-json\/wp\/v2\/posts\/14192","targetHints":{"allow":["GET"]}}],"collection":[{"href":"https:\/\/www.todoeldia.com\/index.php\/wp-json\/wp\/v2\/posts"}],"about":[{"href":"https:\/\/www.todoeldia.com\/index.php\/wp-json\/wp\/v2\/types\/post"}],"author":[{"embeddable":true,"href":"https:\/\/www.todoeldia.com\/index.php\/wp-json\/wp\/v2\/users\/2"}],"replies":[{"embeddable":true,"href":"https:\/\/www.todoeldia.com\/index.php\/wp-json\/wp\/v2\/comments?post=14192"}],"version-history":[{"count":1,"href":"https:\/\/www.todoeldia.com\/index.php\/wp-json\/wp\/v2\/posts\/14192\/revisions"}],"predecessor-version":[{"id":14195,"href":"https:\/\/www.todoeldia.com\/index.php\/wp-json\/wp\/v2\/posts\/14192\/revisions\/14195"}],"wp:featuredmedia":[{"embeddable":true,"href":"https:\/\/www.todoeldia.com\/index.php\/wp-json\/wp\/v2\/media\/14194"}],"wp:attachment":[{"href":"https:\/\/www.todoeldia.com\/index.php\/wp-json\/wp\/v2\/media?parent=14192"}],"wp:term":[{"taxonomy":"category","embeddable":true,"href":"https:\/\/www.todoeldia.com\/index.php\/wp-json\/wp\/v2\/categories?post=14192"},{"taxonomy":"post_tag","embeddable":true,"href":"https:\/\/www.todoeldia.com\/index.php\/wp-json\/wp\/v2\/tags?post=14192"}],"curies":[{"name":"wp","href":"https:\/\/api.w.org\/{rel}","templated":true}]}}