{"id":14196,"date":"2020-12-22T08:59:43","date_gmt":"2020-12-22T11:59:43","guid":{"rendered":"https:\/\/www.todoeldia.com\/?p=14196"},"modified":"2020-12-22T09:07:14","modified_gmt":"2020-12-22T12:07:14","slug":"desestiman-y-archivan-actuaciones-contra-una-fiscal-veronica-simesen-de-bielke","status":"publish","type":"post","link":"https:\/\/www.todoeldia.com\/index.php\/2020\/12\/22\/desestiman-y-archivan-actuaciones-contra-una-fiscal-veronica-simesen-de-bielke\/","title":{"rendered":"Desestiman y archivan actuaciones contra la Fiscal, Ver\u00f3nica Simesen de Bielke"},"content":{"rendered":"\n<p>La fiscal penal 2, M\u00f3nica Poma, desestim\u00f3 y archiv\u00f3 la Averiguaci\u00f3n Preliminar&nbsp; iniciada por remisi\u00f3n de la Sala I del Tribunal de Impugnaci\u00f3n, de copia de la sentencia emitida el 11 de diciembre pasado y en el marco de la causa caratulada \u201cMaman\u00ed, Walter Ezequiel y otros, sobre Abuso de Armas, Privaci\u00f3n Ileg\u00edtima de la Libertad \u2013 Apelaciones Garant\u00edas con preso\u201d, a trav\u00e9s de la cual el juez de esa Sala, Luciano Martini, corri\u00f3 vista a la Fiscal\u00eda para que investigue la actuaci\u00f3n de la fiscal de Derechos Humanos, Ver\u00f3nica Simesen de Bielke.<\/p>\n\n\n\n<p>La fiscal Poma concluy\u00f3 que no existieron elementos de convicci\u00f3n suficientes para tener por configurados los extremos t\u00edpicos de figura penal alguna. En su resoluci\u00f3n, adem\u00e1s de recordar los hechos investigados en torno a los mensajes intercambiados entre los imputados (el polic\u00eda Walter Maman\u00ed y el auxiliar fiscal Sergio Dantur); diferenciar la obligatoriedad de autorizaci\u00f3n judicial para una inspecci\u00f3n ocular (medida adoptada en torno al tel\u00e9fono en cuesti\u00f3n y que no la requiere), y la de una extracci\u00f3n de informaci\u00f3n de equipos telef\u00f3nicos; y citar jurisprudencia al respecto, Poma record\u00f3 que el propio Dantur autoriz\u00f3 y consinti\u00f3 la inspecci\u00f3n ocular de su tel\u00e9fono desde el inicio de la investigaci\u00f3n, sin informar que se trataba del equipo personal y no del oficial, aunque su defensa utilizara ese supuesto error como estrategia posteriormente.<\/p>\n\n\n\n<p>Vale recordar que los hechos se centran en la remisi\u00f3n de dos informes firmados por la fiscal Simesen de Bielke, presentados ante el Tribunal de Impugnaci\u00f3n en la causa penal seguida contra Dantur, por supuesto incumplimiento de los deberes de funcionario p\u00fablico y encubrimiento, en la cual habr\u00eda afirmado una falsedad: que el tel\u00e9fono celular que fuera entregado por el imputado e inspeccionado por personal del CIF es de propiedad del MPF, cuando era personal del auxiliar Sergio Dantur. Esa cuesti\u00f3n, seg\u00fan el Juez, era esencial para dilucidar el planteo recursivo que deb\u00eda ser resuelto en esa oportunidad y que fue realizado con la intenci\u00f3n de enga\u00f1ar al Tribunal.<\/p>\n\n\n\n<p>Sin embargo, de la compulsa de la causa penal en cuesti\u00f3n, Poma no advirti\u00f3 que la fiscal Simesen se hubiera apartado deliberadamente de los deberes a su cargo, ni que actuara de alguna manera sin objetividad o sin velar por el efectivo cumplimiento de las garant\u00edas y derechos constitucionales de los involucrados.<\/p>\n\n\n\n<p>En cambio, se\u00f1al\u00f3 que en cumplimiento de la evacuaci\u00f3n de citas ante la declaraci\u00f3n de los imputados en la causa penal conexa (c\/ Mamani, Walter y otros \u2013personal policial-), se instruy\u00f3 la realizaci\u00f3n de una inspecci\u00f3n ocular de los tel\u00e9fonos utilizados por los agentes del MPF de Apolinario Saravia (Fiscal y Auxiliar), para buscar esas conversaciones que el propio Maman\u00ed manifest\u00f3 haber tenido con Dantur, previa autorizaci\u00f3n y conformidad de ellos para esa tarea. Esta \u00faltima circunstancia se destaca ya que en el fallo de Martini, se trata de relativizar ese elemento que, a criterio de Poma, es de suma relevancia.<\/p>\n\n\n\n<p>Es que luego de exhibidos los aparatos celulares y de labrada el acta bajo firma de sus poseedores, se concret\u00f3 la inspecci\u00f3n ocular por personal policial y del CIF comisionado. Y all\u00ed surgi\u00f3 la conversaci\u00f3n en cuesti\u00f3n, se deriv\u00f3 su contenido, alcances y trascendencia y fue imputado penalmente Dantur por encubrimiento e incumplimiento de los deberes de funcionario p\u00fablico.<\/p>\n","protected":false},"excerpt":{"rendered":"<p>La fiscal penal 2, M\u00f3nica Poma, desestim\u00f3 y archiv\u00f3 la Averiguaci\u00f3n Preliminar&nbsp; iniciada por remisi\u00f3n de la Sala I del Tribunal de Impugnaci\u00f3n, de copia de la sentencia emitida el 11 de diciembre pasado y en el marco de la causa caratulada \u201cMaman\u00ed, Walter Ezequiel y otros, sobre Abuso de Armas, Privaci\u00f3n Ileg\u00edtima de la [&hellip;]<\/p>\n","protected":false},"author":2,"featured_media":14197,"comment_status":"open","ping_status":"open","sticky":false,"template":"","format":"standard","meta":{"tdm_status":"","tdm_grid_status":"","_joinchat":[],"footnotes":""},"categories":[73],"tags":[],"class_list":{"0":"post-14196","1":"post","2":"type-post","3":"status-publish","4":"format-standard","5":"has-post-thumbnail","7":"category-noticias-general"},"amp_enabled":true,"_links":{"self":[{"href":"https:\/\/www.todoeldia.com\/index.php\/wp-json\/wp\/v2\/posts\/14196","targetHints":{"allow":["GET"]}}],"collection":[{"href":"https:\/\/www.todoeldia.com\/index.php\/wp-json\/wp\/v2\/posts"}],"about":[{"href":"https:\/\/www.todoeldia.com\/index.php\/wp-json\/wp\/v2\/types\/post"}],"author":[{"embeddable":true,"href":"https:\/\/www.todoeldia.com\/index.php\/wp-json\/wp\/v2\/users\/2"}],"replies":[{"embeddable":true,"href":"https:\/\/www.todoeldia.com\/index.php\/wp-json\/wp\/v2\/comments?post=14196"}],"version-history":[{"count":2,"href":"https:\/\/www.todoeldia.com\/index.php\/wp-json\/wp\/v2\/posts\/14196\/revisions"}],"predecessor-version":[{"id":14199,"href":"https:\/\/www.todoeldia.com\/index.php\/wp-json\/wp\/v2\/posts\/14196\/revisions\/14199"}],"wp:featuredmedia":[{"embeddable":true,"href":"https:\/\/www.todoeldia.com\/index.php\/wp-json\/wp\/v2\/media\/14197"}],"wp:attachment":[{"href":"https:\/\/www.todoeldia.com\/index.php\/wp-json\/wp\/v2\/media?parent=14196"}],"wp:term":[{"taxonomy":"category","embeddable":true,"href":"https:\/\/www.todoeldia.com\/index.php\/wp-json\/wp\/v2\/categories?post=14196"},{"taxonomy":"post_tag","embeddable":true,"href":"https:\/\/www.todoeldia.com\/index.php\/wp-json\/wp\/v2\/tags?post=14196"}],"curies":[{"name":"wp","href":"https:\/\/api.w.org\/{rel}","templated":true}]}}