{"id":14203,"date":"2020-12-22T09:19:43","date_gmt":"2020-12-22T12:19:43","guid":{"rendered":"https:\/\/www.todoeldia.com\/?p=14203"},"modified":"2020-12-22T09:19:44","modified_gmt":"2020-12-22T12:19:44","slug":"sin-acuerdo-en-el-conflicto-municipal-en-oran","status":"publish","type":"post","link":"https:\/\/www.todoeldia.com\/index.php\/2020\/12\/22\/sin-acuerdo-en-el-conflicto-municipal-en-oran\/","title":{"rendered":"Sin acuerdo en el conflicto municipal en Or\u00e1n"},"content":{"rendered":"\n<p>Ayer se cumpli\u00f3 una nueva audiencia en el Ministerio de Trabajo de la que participaron gremios y ejecutivo municipal de Or\u00e1n y anunciaron una conciliaci\u00f3n obligatoria hasta el 29 de diciembre.<\/p>\n\n\n\n<p>&#8220;El ejecutivo municipal sostiene la propuesta de pase a planta permanente, contratos nuevos y re categorizaci\u00f3n de empleados municipales, adem\u00e1s del ofrecimiento de un bono de hasta $2000 en voucher de alimentos, que hasta el momento fue rechazada por los gremios\u201d, dijo el secretario de Gobierno Cristian Aimo.<\/p>\n\n\n\n<p>\u201cLos trabajadores municipales solicitan un bono para los primeros d\u00edas de enero\/21 de no menos de $5000, lo que es casi un imposible, ya que, debido a las circunstancias acaecidas en el mundo, el municipio cuenta con un mismo presupuesto desde el a\u00f1o 2019 que se vio afectado en los \u00faltimos meses recibiendo un 30% menos, sumado a esto la inflaci\u00f3n de aproximadamente 60% que padece el pa\u00eds, la provincia y la ciudad, haci\u00e9ndose imposible asumir nuevos compromisos con fondos propios&#8221; expres\u00f3 Aimo.<\/p>\n\n\n\n<p>Si no hubiese acuerdo hasta fecha convenida, las partes quedan liberadas.<\/p>\n","protected":false},"excerpt":{"rendered":"<p>Ayer se cumpli\u00f3 una nueva audiencia en el Ministerio de Trabajo de la que participaron gremios y ejecutivo municipal de Or\u00e1n y anunciaron una conciliaci\u00f3n obligatoria hasta el 29 de diciembre. &#8220;El ejecutivo municipal sostiene la propuesta de pase a planta permanente, contratos nuevos y re categorizaci\u00f3n de empleados municipales, adem\u00e1s del ofrecimiento de un [&hellip;]<\/p>\n","protected":false},"author":2,"featured_media":14204,"comment_status":"open","ping_status":"open","sticky":false,"template":"","format":"standard","meta":{"tdm_status":"","tdm_grid_status":"","_joinchat":[],"footnotes":""},"categories":[73],"tags":[],"class_list":{"0":"post-14203","1":"post","2":"type-post","3":"status-publish","4":"format-standard","5":"has-post-thumbnail","7":"category-noticias-general"},"amp_enabled":true,"_links":{"self":[{"href":"https:\/\/www.todoeldia.com\/index.php\/wp-json\/wp\/v2\/posts\/14203","targetHints":{"allow":["GET"]}}],"collection":[{"href":"https:\/\/www.todoeldia.com\/index.php\/wp-json\/wp\/v2\/posts"}],"about":[{"href":"https:\/\/www.todoeldia.com\/index.php\/wp-json\/wp\/v2\/types\/post"}],"author":[{"embeddable":true,"href":"https:\/\/www.todoeldia.com\/index.php\/wp-json\/wp\/v2\/users\/2"}],"replies":[{"embeddable":true,"href":"https:\/\/www.todoeldia.com\/index.php\/wp-json\/wp\/v2\/comments?post=14203"}],"version-history":[{"count":1,"href":"https:\/\/www.todoeldia.com\/index.php\/wp-json\/wp\/v2\/posts\/14203\/revisions"}],"predecessor-version":[{"id":14205,"href":"https:\/\/www.todoeldia.com\/index.php\/wp-json\/wp\/v2\/posts\/14203\/revisions\/14205"}],"wp:featuredmedia":[{"embeddable":true,"href":"https:\/\/www.todoeldia.com\/index.php\/wp-json\/wp\/v2\/media\/14204"}],"wp:attachment":[{"href":"https:\/\/www.todoeldia.com\/index.php\/wp-json\/wp\/v2\/media?parent=14203"}],"wp:term":[{"taxonomy":"category","embeddable":true,"href":"https:\/\/www.todoeldia.com\/index.php\/wp-json\/wp\/v2\/categories?post=14203"},{"taxonomy":"post_tag","embeddable":true,"href":"https:\/\/www.todoeldia.com\/index.php\/wp-json\/wp\/v2\/tags?post=14203"}],"curies":[{"name":"wp","href":"https:\/\/api.w.org\/{rel}","templated":true}]}}