{"id":14206,"date":"2020-12-22T09:24:06","date_gmt":"2020-12-22T12:24:06","guid":{"rendered":"https:\/\/www.todoeldia.com\/?p=14206"},"modified":"2020-12-22T09:24:07","modified_gmt":"2020-12-22T12:24:07","slug":"habra-cortes-de-carne-a-precios-accesibles-para-las-fiestas-en-salta","status":"publish","type":"post","link":"https:\/\/www.todoeldia.com\/index.php\/2020\/12\/22\/habra-cortes-de-carne-a-precios-accesibles-para-las-fiestas-en-salta\/","title":{"rendered":"Habr\u00e1  cortes de carne a precios accesibles para las fiestas en Salta"},"content":{"rendered":"\n<p>A tal efecto, se rubric\u00f3 un acuerdo con Frigor\u00edfico Bermejo. El kilogramo de asado se vender\u00e1 a $349, el de vac\u00edo a $459 y el de matambre a $480. Los cortes estar\u00e1n disponibles a partir de hoy lunes 21 hasta el 31 de diciembre en la red de carnicer\u00edas de la firma.<\/p>\n\n\n\n<p>El ministro de Producci\u00f3n y Desarrollo Sustentable, Martin de los R\u00edos, junto a la secretaria de Defensa del Consumidor, Mar\u00eda P\u00eda Saravia y representantes del Frigor\u00edfico Bermejo, concretaron este lunes la firma de un acuerdo para la comercializaci\u00f3n de tres cortes de carne de consumo masivo a precios accesibles para las fiestas de fin h a\u00f1o.<\/p>\n\n\n\n<p>El acuerdo establece que el kilogramo de asado se vender\u00e1 a $349, tapa de asado o tapa de nalga a $459 y el de matambre a $480, lo que representa una rebaja de entre 25% y 30% sobre los valores vigentes en el mercado.<\/p>\n\n\n\n<p>Los cortes de carne, con calidad de exportaci\u00f3n, estar\u00e1n disponibles a partir de este lunes 21 de diciembre hasta el 31 de diciembre en la red de carnicer\u00edas del frigor\u00edfico adherido.<\/p>\n\n\n\n<p>Seg\u00fan el acuerdo alcanzado por el Ministerio de Producci\u00f3n y Desarrollo Sustentable y la Secretar\u00eda de Defensa del Consumidor, el frigor\u00edfico se compromete a proveer 10 mil kilogramos de carne vacuna para el consumo en los hogares salte\u00f1os.<\/p>\n\n\n\n<p>&#8220;Este acuerdo forma parte de las acciones que estamos llevando adelante desde la cartera a mi cargo para proteger el poder de compra de los consumidores y consumidoras\u201d, sostuvo el ministro de Producci\u00f3n y Desarrollo Sustentable, Mart\u00edn de los R\u00edos.<\/p>\n\n\n\n<p>Por su parte, la secretaria de Defensa del Consumidor, Mar\u00eda P\u00eda Saravia&nbsp; destac\u00f3 &#8220;el trabajo conjunto con el Ministerio de la Producci\u00f3n y el compromiso de la empresa para ofrecer precios realmente promocionales a los consumidores en una \u00e9poca tan importante para los salte\u00f1os\u201d.<\/p>\n\n\n\n<p>El acuerdo por los cortes de carne se suma al reciente convenio firmado entre el Gobierno de la Provincia y representantes de los supermercados, Libertad, Makro, Carrefour, Damesco, Walmart (Chango Mas), La Rotonda L\u00e1cteos, y El Palacio de las Golosinas para fijar precios accesibles para la canasta navide\u00f1a. Los precios oscilan desde $250 a $1500 e incluyen hasta 13 productos.<\/p>\n","protected":false},"excerpt":{"rendered":"<p>A tal efecto, se rubric\u00f3 un acuerdo con Frigor\u00edfico Bermejo. El kilogramo de asado se vender\u00e1 a $349, el de vac\u00edo a $459 y el de matambre a $480. Los cortes estar\u00e1n disponibles a partir de hoy lunes 21 hasta el 31 de diciembre en la red de carnicer\u00edas de la firma. El ministro de [&hellip;]<\/p>\n","protected":false},"author":2,"featured_media":14207,"comment_status":"open","ping_status":"open","sticky":false,"template":"","format":"standard","meta":{"tdm_status":"","tdm_grid_status":"","_joinchat":[],"footnotes":""},"categories":[73],"tags":[],"class_list":{"0":"post-14206","1":"post","2":"type-post","3":"status-publish","4":"format-standard","5":"has-post-thumbnail","7":"category-noticias-general"},"amp_enabled":true,"_links":{"self":[{"href":"https:\/\/www.todoeldia.com\/index.php\/wp-json\/wp\/v2\/posts\/14206","targetHints":{"allow":["GET"]}}],"collection":[{"href":"https:\/\/www.todoeldia.com\/index.php\/wp-json\/wp\/v2\/posts"}],"about":[{"href":"https:\/\/www.todoeldia.com\/index.php\/wp-json\/wp\/v2\/types\/post"}],"author":[{"embeddable":true,"href":"https:\/\/www.todoeldia.com\/index.php\/wp-json\/wp\/v2\/users\/2"}],"replies":[{"embeddable":true,"href":"https:\/\/www.todoeldia.com\/index.php\/wp-json\/wp\/v2\/comments?post=14206"}],"version-history":[{"count":1,"href":"https:\/\/www.todoeldia.com\/index.php\/wp-json\/wp\/v2\/posts\/14206\/revisions"}],"predecessor-version":[{"id":14208,"href":"https:\/\/www.todoeldia.com\/index.php\/wp-json\/wp\/v2\/posts\/14206\/revisions\/14208"}],"wp:featuredmedia":[{"embeddable":true,"href":"https:\/\/www.todoeldia.com\/index.php\/wp-json\/wp\/v2\/media\/14207"}],"wp:attachment":[{"href":"https:\/\/www.todoeldia.com\/index.php\/wp-json\/wp\/v2\/media?parent=14206"}],"wp:term":[{"taxonomy":"category","embeddable":true,"href":"https:\/\/www.todoeldia.com\/index.php\/wp-json\/wp\/v2\/categories?post=14206"},{"taxonomy":"post_tag","embeddable":true,"href":"https:\/\/www.todoeldia.com\/index.php\/wp-json\/wp\/v2\/tags?post=14206"}],"curies":[{"name":"wp","href":"https:\/\/api.w.org\/{rel}","templated":true}]}}