{"id":14224,"date":"2020-12-22T15:54:30","date_gmt":"2020-12-22T18:54:30","guid":{"rendered":"https:\/\/www.todoeldia.com\/?p=14224"},"modified":"2020-12-22T15:54:31","modified_gmt":"2020-12-22T18:54:31","slug":"tragedia-de-once-confirman-condena-de-cinco-anos-y-ocho-meses-de-prision-contra-de-vido","status":"publish","type":"post","link":"https:\/\/www.todoeldia.com\/index.php\/2020\/12\/22\/tragedia-de-once-confirman-condena-de-cinco-anos-y-ocho-meses-de-prision-contra-de-vido\/","title":{"rendered":"Tragedia de Once: confirman condena de cinco a\u00f1os y ocho meses de prisi\u00f3n contra De Vido"},"content":{"rendered":"\n<p>La Sala III confirm\u00f3 la condena contra el ex funcionario por el delito de administraci\u00f3n fraudulenta y no -como tambi\u00e9n reclamaba la querella y la fiscal\u00eda- por el de estrago culposo seguido de muerte.<\/p>\n\n\n\n<p>La C\u00e1mara Federal de Casaci\u00f3n Penal confirm\u00f3 la condena de cinco a\u00f1os y ocho meses de prisi\u00f3n contra el ex ministro de Planificaci\u00f3n Federal Julio De Vido, quien permanece en libertad.<\/p>\n\n\n\n<p>La Sala III confirm\u00f3 la condena contra el ex funcionario por el delito de administraci\u00f3n fraudulenta y no -como tambi\u00e9n reclamaba la querella y la fiscal\u00eda- por el de estrago culposo seguido de muerte.<\/p>\n\n\n\n<p>La decisi\u00f3n estuvo en manos de los jueces de Casaci\u00f3n Eduardo Riggi, Liliana Catucci y Gustavo Hornos. El fallo entendi\u00f3, por mayor\u00eda, que la condena dictada por el Tribunal Oral Federal 4 deb\u00eda ratificarse. En minor\u00eda, Hornos tambi\u00e9n propuso que se extendiera la sentencia por la responsabilidad en el estrago.<\/p>\n","protected":false},"excerpt":{"rendered":"<p>La Sala III confirm\u00f3 la condena contra el ex funcionario por el delito de administraci\u00f3n fraudulenta y no -como tambi\u00e9n reclamaba la querella y la fiscal\u00eda- por el de estrago culposo seguido de muerte. La C\u00e1mara Federal de Casaci\u00f3n Penal confirm\u00f3 la condena de cinco a\u00f1os y ocho meses de prisi\u00f3n contra el ex ministro [&hellip;]<\/p>\n","protected":false},"author":2,"featured_media":14225,"comment_status":"open","ping_status":"open","sticky":false,"template":"","format":"standard","meta":{"tdm_status":"","tdm_grid_status":"","_joinchat":[],"footnotes":""},"categories":[63],"tags":[],"class_list":{"0":"post-14224","1":"post","2":"type-post","3":"status-publish","4":"format-standard","5":"has-post-thumbnail","7":"category-policiales"},"amp_enabled":true,"_links":{"self":[{"href":"https:\/\/www.todoeldia.com\/index.php\/wp-json\/wp\/v2\/posts\/14224","targetHints":{"allow":["GET"]}}],"collection":[{"href":"https:\/\/www.todoeldia.com\/index.php\/wp-json\/wp\/v2\/posts"}],"about":[{"href":"https:\/\/www.todoeldia.com\/index.php\/wp-json\/wp\/v2\/types\/post"}],"author":[{"embeddable":true,"href":"https:\/\/www.todoeldia.com\/index.php\/wp-json\/wp\/v2\/users\/2"}],"replies":[{"embeddable":true,"href":"https:\/\/www.todoeldia.com\/index.php\/wp-json\/wp\/v2\/comments?post=14224"}],"version-history":[{"count":1,"href":"https:\/\/www.todoeldia.com\/index.php\/wp-json\/wp\/v2\/posts\/14224\/revisions"}],"predecessor-version":[{"id":14226,"href":"https:\/\/www.todoeldia.com\/index.php\/wp-json\/wp\/v2\/posts\/14224\/revisions\/14226"}],"wp:featuredmedia":[{"embeddable":true,"href":"https:\/\/www.todoeldia.com\/index.php\/wp-json\/wp\/v2\/media\/14225"}],"wp:attachment":[{"href":"https:\/\/www.todoeldia.com\/index.php\/wp-json\/wp\/v2\/media?parent=14224"}],"wp:term":[{"taxonomy":"category","embeddable":true,"href":"https:\/\/www.todoeldia.com\/index.php\/wp-json\/wp\/v2\/categories?post=14224"},{"taxonomy":"post_tag","embeddable":true,"href":"https:\/\/www.todoeldia.com\/index.php\/wp-json\/wp\/v2\/tags?post=14224"}],"curies":[{"name":"wp","href":"https:\/\/api.w.org\/{rel}","templated":true}]}}