{"id":14227,"date":"2020-12-22T16:02:54","date_gmt":"2020-12-22T19:02:54","guid":{"rendered":"https:\/\/www.todoeldia.com\/?p=14227"},"modified":"2020-12-22T16:02:55","modified_gmt":"2020-12-22T19:02:55","slug":"saenz-encabezo-la-presentacion-de-la-credencial-digital-del-instituto-provincial-de-salud","status":"publish","type":"post","link":"https:\/\/www.todoeldia.com\/index.php\/2020\/12\/22\/saenz-encabezo-la-presentacion-de-la-credencial-digital-del-instituto-provincial-de-salud\/","title":{"rendered":"S\u00e1enz encabez\u00f3 la presentaci\u00f3n de la credencial digital del Instituto Provincial de Salud"},"content":{"rendered":"\n<p>El Gobernador encabez\u00f3 el acto de presentaci\u00f3n de la aplicaci\u00f3n que facilitar\u00e1 el acceso a los servicios de la obra social provincial mediante el escaneo de un c\u00f3digo QR.<\/p>\n\n\n\n<p>\u201cEs un orgullo dar hoy este puntapi\u00e9 inicial que muestra la firme voluntad del Gobierno de acompa\u00f1ar a los afiliados\u201d, indic\u00f3 el mandatario.<\/p>\n\n\n\n<p>El gobernador Gustavo S\u00e1enz encabez\u00f3 la presentaci\u00f3n de la credencial digital del Instituto Provincial de Salud (IPS) y destac\u00f3 que la provincia de Salta es la primera provincia en implementar este nuevo sistema de gesti\u00f3n prestacional. \u201cEs un orgullo dar hoy este puntapi\u00e9 inicial que muestra la firme voluntad del Gobierno de acompa\u00f1ar a los afiliados\u201d, resalt\u00f3 el Gobernador.<\/p>\n\n\n\n<p>Con la nueva aplicaci\u00f3n se facilitar\u00e1 el acceso a los servicios de la obra social provincial, mejorando la interacci\u00f3n entre afiliado\/prestador y permitiendo un mayor control y seguridad en las operatorias. Por ello S\u00e1enz destac\u00f3 que terminar el a\u00f1o con la presentaci\u00f3n de la credencial digital \u201ces el broche de oro\u201d.<\/p>\n\n\n\n<p>En este sentido, puntualiz\u00f3 que \u201cva a terminar con las largas colas para autorizar pr\u00e1cticas, comprar \u00f3rdenes, realizar tr\u00e1mites\u201d, convirti\u00e9ndose en \u201cel ejemplo de una obra social presente, de un gobierno presente\u201d.<\/p>\n\n\n\n<p>Adem\u00e1s, S\u00e1enz reconoci\u00f3 el trabajo realizado por todo el personal del IPS durante la pandemia y que \u201csuper\u00f3 a las otras que no estuvieron a la altura de las circunstancias\u201d.<\/p>\n\n\n\n<p>Esta acci\u00f3n se enmarca en la decisi\u00f3n del Gobierno de priorizar la salud: \u201cDesde el primer d\u00eda de gesti\u00f3n mostramos claramente cu\u00e1l es el eje de trabajo del Gobierno\u201d, indic\u00f3 S\u00e1enz y agreg\u00f3 que esta voluntad est\u00e1 reflejada en el presupuesto provincial que prev\u00e9 inversiones hist\u00f3ricas en salud. \u201cSe ve que la salud es un eje fundamental de este proyecto pol\u00edtico\u201d, subray\u00f3 el mandatario.<\/p>\n","protected":false},"excerpt":{"rendered":"<p>El Gobernador encabez\u00f3 el acto de presentaci\u00f3n de la aplicaci\u00f3n que facilitar\u00e1 el acceso a los servicios de la obra social provincial mediante el escaneo de un c\u00f3digo QR. \u201cEs un orgullo dar hoy este puntapi\u00e9 inicial que muestra la firme voluntad del Gobierno de acompa\u00f1ar a los afiliados\u201d, indic\u00f3 el mandatario. El gobernador Gustavo [&hellip;]<\/p>\n","protected":false},"author":2,"featured_media":14228,"comment_status":"open","ping_status":"open","sticky":false,"template":"","format":"standard","meta":{"tdm_status":"","tdm_grid_status":"","_joinchat":[],"footnotes":""},"categories":[73],"tags":[],"class_list":{"0":"post-14227","1":"post","2":"type-post","3":"status-publish","4":"format-standard","5":"has-post-thumbnail","7":"category-noticias-general"},"amp_enabled":true,"_links":{"self":[{"href":"https:\/\/www.todoeldia.com\/index.php\/wp-json\/wp\/v2\/posts\/14227","targetHints":{"allow":["GET"]}}],"collection":[{"href":"https:\/\/www.todoeldia.com\/index.php\/wp-json\/wp\/v2\/posts"}],"about":[{"href":"https:\/\/www.todoeldia.com\/index.php\/wp-json\/wp\/v2\/types\/post"}],"author":[{"embeddable":true,"href":"https:\/\/www.todoeldia.com\/index.php\/wp-json\/wp\/v2\/users\/2"}],"replies":[{"embeddable":true,"href":"https:\/\/www.todoeldia.com\/index.php\/wp-json\/wp\/v2\/comments?post=14227"}],"version-history":[{"count":1,"href":"https:\/\/www.todoeldia.com\/index.php\/wp-json\/wp\/v2\/posts\/14227\/revisions"}],"predecessor-version":[{"id":14229,"href":"https:\/\/www.todoeldia.com\/index.php\/wp-json\/wp\/v2\/posts\/14227\/revisions\/14229"}],"wp:featuredmedia":[{"embeddable":true,"href":"https:\/\/www.todoeldia.com\/index.php\/wp-json\/wp\/v2\/media\/14228"}],"wp:attachment":[{"href":"https:\/\/www.todoeldia.com\/index.php\/wp-json\/wp\/v2\/media?parent=14227"}],"wp:term":[{"taxonomy":"category","embeddable":true,"href":"https:\/\/www.todoeldia.com\/index.php\/wp-json\/wp\/v2\/categories?post=14227"},{"taxonomy":"post_tag","embeddable":true,"href":"https:\/\/www.todoeldia.com\/index.php\/wp-json\/wp\/v2\/tags?post=14227"}],"curies":[{"name":"wp","href":"https:\/\/api.w.org\/{rel}","templated":true}]}}