{"id":14269,"date":"2020-12-23T09:11:30","date_gmt":"2020-12-23T12:11:30","guid":{"rendered":"https:\/\/www.todoeldia.com\/?p=14269"},"modified":"2020-12-23T09:11:31","modified_gmt":"2020-12-23T12:11:31","slug":"el-martes-se-conoceran-los-alegatos-en-el-juicio-contra-el-ex-concejal-de-metan","status":"publish","type":"post","link":"https:\/\/www.todoeldia.com\/index.php\/2020\/12\/23\/el-martes-se-conoceran-los-alegatos-en-el-juicio-contra-el-ex-concejal-de-metan\/","title":{"rendered":"El martes se conocer\u00e1n los alegatos en el juicio contra el ex concejal de Met\u00e1n"},"content":{"rendered":"\n<p>Seg\u00fan estaba previsto, ayer se inici\u00f3 la audiencia de debate contra Ra\u00fal Ricardo Ledesma. El acusado dijo que declarar\u00e1 en el transcurso del juicio. La pr\u00f3xima jornada se desarrollar\u00e1 el pr\u00f3ximo 29 de diciembre.<\/p>\n\n\n\n<p>Los fiscales penales Gonzalo G\u00f3mez Amado y Cecilia Flores Toranzos, representan al Ministerio P\u00fablico ante la Sala II del Tribunal de Juicio del Distrito Met\u00e1n, en la audiencia de debate contra Ra\u00fal Ricardo Ledesma, imputado como autor del delito de abuso sexual simple (dos hechos) en perjuicio de una menor de edad.<\/p>\n\n\n\n<p>Durante la primera jornada, se ley\u00f3 el requerimiento a juicio y el acusado no prest\u00f3 declaraci\u00f3n, se\u00f1alando que lo har\u00e1 en el transcurso del debate.<\/p>\n\n\n\n<p>Comenz\u00f3 la ronda de testimoniales y la jueza Carolina Poma Salvadores, fij\u00f3 el 29 de diciembre pr\u00f3ximo como la fecha para la segunda jornada de la audiencia de debate, donde se prev\u00e9 terminar con las declaraciones y dar as\u00ed paso a los alegatos de las partes.<\/p>\n","protected":false},"excerpt":{"rendered":"<p>Seg\u00fan estaba previsto, ayer se inici\u00f3 la audiencia de debate contra Ra\u00fal Ricardo Ledesma. El acusado dijo que declarar\u00e1 en el transcurso del juicio. La pr\u00f3xima jornada se desarrollar\u00e1 el pr\u00f3ximo 29 de diciembre. Los fiscales penales Gonzalo G\u00f3mez Amado y Cecilia Flores Toranzos, representan al Ministerio P\u00fablico ante la Sala II del Tribunal de [&hellip;]<\/p>\n","protected":false},"author":2,"featured_media":14270,"comment_status":"open","ping_status":"open","sticky":false,"template":"","format":"standard","meta":{"tdm_status":"","tdm_grid_status":"","_joinchat":[],"footnotes":""},"categories":[73],"tags":[],"class_list":{"0":"post-14269","1":"post","2":"type-post","3":"status-publish","4":"format-standard","5":"has-post-thumbnail","7":"category-noticias-general"},"amp_enabled":true,"_links":{"self":[{"href":"https:\/\/www.todoeldia.com\/index.php\/wp-json\/wp\/v2\/posts\/14269","targetHints":{"allow":["GET"]}}],"collection":[{"href":"https:\/\/www.todoeldia.com\/index.php\/wp-json\/wp\/v2\/posts"}],"about":[{"href":"https:\/\/www.todoeldia.com\/index.php\/wp-json\/wp\/v2\/types\/post"}],"author":[{"embeddable":true,"href":"https:\/\/www.todoeldia.com\/index.php\/wp-json\/wp\/v2\/users\/2"}],"replies":[{"embeddable":true,"href":"https:\/\/www.todoeldia.com\/index.php\/wp-json\/wp\/v2\/comments?post=14269"}],"version-history":[{"count":1,"href":"https:\/\/www.todoeldia.com\/index.php\/wp-json\/wp\/v2\/posts\/14269\/revisions"}],"predecessor-version":[{"id":14271,"href":"https:\/\/www.todoeldia.com\/index.php\/wp-json\/wp\/v2\/posts\/14269\/revisions\/14271"}],"wp:featuredmedia":[{"embeddable":true,"href":"https:\/\/www.todoeldia.com\/index.php\/wp-json\/wp\/v2\/media\/14270"}],"wp:attachment":[{"href":"https:\/\/www.todoeldia.com\/index.php\/wp-json\/wp\/v2\/media?parent=14269"}],"wp:term":[{"taxonomy":"category","embeddable":true,"href":"https:\/\/www.todoeldia.com\/index.php\/wp-json\/wp\/v2\/categories?post=14269"},{"taxonomy":"post_tag","embeddable":true,"href":"https:\/\/www.todoeldia.com\/index.php\/wp-json\/wp\/v2\/tags?post=14269"}],"curies":[{"name":"wp","href":"https:\/\/api.w.org\/{rel}","templated":true}]}}