{"id":14272,"date":"2020-12-23T09:16:29","date_gmt":"2020-12-23T12:16:29","guid":{"rendered":"https:\/\/www.todoeldia.com\/?p=14272"},"modified":"2020-12-23T09:16:30","modified_gmt":"2020-12-23T12:16:30","slug":"degenerado-preso-acusado-de-abusar-sexualmente-de-dos-sobrinos","status":"publish","type":"post","link":"https:\/\/www.todoeldia.com\/index.php\/2020\/12\/23\/degenerado-preso-acusado-de-abusar-sexualmente-de-dos-sobrinos\/","title":{"rendered":"Degenerado preso acusado de abusar sexualmente de dos sobrinos"},"content":{"rendered":"\n<p>Un hombre de 39 a\u00f1os fue detenido e imputado por actos de abuso sexual en perjuicio de una ni\u00f1a de nueve a\u00f1os y de un joven, que habr\u00eda sido vulnerado en su integridad sexual en distintas oportunidades cuando era menor de edad.<\/p>\n\n\n\n<p>La fiscal penal de Joaqu\u00edn V. Gonz\u00e1lez, Mar\u00eda Celeste Garc\u00eda Pisacic, imput\u00f3 a un hombre de 39 a\u00f1os por el delito de abuso sexual gravemente ultrajante en perjuicio de una menor de nueve a\u00f1os y de un joven que habr\u00eda sido v\u00edctima en varias oportunidades cuando era menor de edad.<\/p>\n\n\n\n<p>La primera denuncia fue radicada los primeros d\u00edas de diciembre de este a\u00f1o por la madre de la menor de nueve a\u00f1os, quien se\u00f1ala que d\u00edas anteriores dej\u00f3 a su hija en la casa de su hermana en Las Lajitas porque deb\u00eda realizar tr\u00e1mites en la ciudad de Salta. Cuando regres\u00f3 a la localidad, la ni\u00f1a le pidi\u00f3 quedarse con sus primos y luego, v\u00eda Whatsapp, su hija le pidi\u00f3 entre sollozos que la buscara urgente porque el t\u00edo le hab\u00eda hecho algo.<\/p>\n\n\n\n<p>Seg\u00fan pudo conocerse, la pareja de su t\u00eda, la hab\u00eda sometido a tocamientos y actos que vulneraron su integridad sexual.<\/p>\n\n\n\n<p>La segunda denuncia fue radicada por un joven de 18 a\u00f1os, quien se\u00f1ala que su t\u00edo lo someti\u00f3 a distintas situaciones con contenido sexual cuando era menor de edad y visitaba su casa para las vacaciones, oblig\u00e1ndolo a callar.<\/p>\n\n\n\n<p>El acusado fue detenido e imputado y desde la Fiscal\u00eda se solicit\u00f3 que se mantenga su detenci\u00f3n mientras se cumplen diversas medidas solicitadas.<\/p>\n","protected":false},"excerpt":{"rendered":"<p>Un hombre de 39 a\u00f1os fue detenido e imputado por actos de abuso sexual en perjuicio de una ni\u00f1a de nueve a\u00f1os y de un joven, que habr\u00eda sido vulnerado en su integridad sexual en distintas oportunidades cuando era menor de edad. La fiscal penal de Joaqu\u00edn V. Gonz\u00e1lez, Mar\u00eda Celeste Garc\u00eda Pisacic, imput\u00f3 a [&hellip;]<\/p>\n","protected":false},"author":2,"featured_media":14273,"comment_status":"open","ping_status":"open","sticky":false,"template":"","format":"standard","meta":{"tdm_status":"","tdm_grid_status":"","_joinchat":[],"footnotes":""},"categories":[73],"tags":[],"class_list":{"0":"post-14272","1":"post","2":"type-post","3":"status-publish","4":"format-standard","5":"has-post-thumbnail","7":"category-noticias-general"},"amp_enabled":true,"_links":{"self":[{"href":"https:\/\/www.todoeldia.com\/index.php\/wp-json\/wp\/v2\/posts\/14272","targetHints":{"allow":["GET"]}}],"collection":[{"href":"https:\/\/www.todoeldia.com\/index.php\/wp-json\/wp\/v2\/posts"}],"about":[{"href":"https:\/\/www.todoeldia.com\/index.php\/wp-json\/wp\/v2\/types\/post"}],"author":[{"embeddable":true,"href":"https:\/\/www.todoeldia.com\/index.php\/wp-json\/wp\/v2\/users\/2"}],"replies":[{"embeddable":true,"href":"https:\/\/www.todoeldia.com\/index.php\/wp-json\/wp\/v2\/comments?post=14272"}],"version-history":[{"count":1,"href":"https:\/\/www.todoeldia.com\/index.php\/wp-json\/wp\/v2\/posts\/14272\/revisions"}],"predecessor-version":[{"id":14274,"href":"https:\/\/www.todoeldia.com\/index.php\/wp-json\/wp\/v2\/posts\/14272\/revisions\/14274"}],"wp:featuredmedia":[{"embeddable":true,"href":"https:\/\/www.todoeldia.com\/index.php\/wp-json\/wp\/v2\/media\/14273"}],"wp:attachment":[{"href":"https:\/\/www.todoeldia.com\/index.php\/wp-json\/wp\/v2\/media?parent=14272"}],"wp:term":[{"taxonomy":"category","embeddable":true,"href":"https:\/\/www.todoeldia.com\/index.php\/wp-json\/wp\/v2\/categories?post=14272"},{"taxonomy":"post_tag","embeddable":true,"href":"https:\/\/www.todoeldia.com\/index.php\/wp-json\/wp\/v2\/tags?post=14272"}],"curies":[{"name":"wp","href":"https:\/\/api.w.org\/{rel}","templated":true}]}}