{"id":16477,"date":"2021-01-30T15:01:57","date_gmt":"2021-01-30T18:01:57","guid":{"rendered":"https:\/\/www.todoeldia.com\/?p=16477"},"modified":"2021-01-30T15:01:59","modified_gmt":"2021-01-30T18:01:59","slug":"carmen-barbieri-en-coma-tras-contagiarse-covid-los-famosos-piden-fuerzas-y-rezan-por-su-salud","status":"publish","type":"post","link":"https:\/\/www.todoeldia.com\/index.php\/2021\/01\/30\/carmen-barbieri-en-coma-tras-contagiarse-covid-los-famosos-piden-fuerzas-y-rezan-por-su-salud\/","title":{"rendered":"Carmen Barbieri en coma tras contagiarse covid: los famosos piden fuerzas y rezan por su salud"},"content":{"rendered":"\n<p>Muchos famosos y amigos de la capoc\u00f3mica reaccionaron a trav\u00e9s de las redes sociales a la noticia que dio a conocer Marcelo Polino sobre el grave estado de su salud.<\/p>\n\n\n\n<p>Carmen Barbieri se encuentra complicada de salud. En las \u00faltimas horas Marcelo Polino confirm\u00f3 en su programa radial que la capoc\u00f3mica tuvo que ser intubada y puesta en coma farmacol\u00f3gico por la gravedad de su cuadro, tras ser internada en la Cl\u00ednica Zabala por su contagio de coronavirus.&nbsp;<\/p>\n\n\n\n<p>&#8220;No la puedo caretear, estamos chequeando la informaci\u00f3n. Habl\u00e9 con Fede y Carmen se complic\u00f3, est\u00e1 en coma farmacol\u00f3gico en este momento. Empec\u00e9 a chequear con Adri\u00e1n Pallares y con otros colegas; pero habl\u00e9 con Fede y s\u00ed, se ha complicado un poco Carmen, est\u00e1 en coma farmacol\u00f3gico e intubada&#8221;, dijo el periodista en su programa radial Polino Aut\u00e9ntico, afectado por el cuadro de la artista.<\/p>\n\n\n\n<p>&nbsp;&#8220;Yo s\u00e9 que \u00e9l p\u00fablico de esta radio es muy creyente y la quiere a Carmen. Recemos, mandemos buena energ\u00eda, la buena vibra llega. Esto es shockeandote. Va a estar bien. Est\u00e1n en re buenas manos, en la cl\u00ednica&#8221;, expres\u00f3 luego Polino, pidiendo que por favor pidan por la salud de Carmen Barbieri, con qui\u00e9n adem\u00e1s tiene una amistad.<\/p>\n\n\n\n<p>El 20 de enero, Carmen Barbieri dio positivo de coronavirus tras haber contra\u00eddo la enfermedad en una reuni\u00f3n laboral. Por ser considerada paciente de riesgo, fue internada de urgencia en la Cl\u00ednica Zabala, lugar en el que contin\u00faa hospitalizada. All\u00ed se descubri\u00f3 que padec\u00eda una neumon\u00eda, lo que trajo m\u00e1s complicaciones a su estado de salud y devino en una internaci\u00f3n en terapia intensiva.<\/p>\n","protected":false},"excerpt":{"rendered":"<p>Muchos famosos y amigos de la capoc\u00f3mica reaccionaron a trav\u00e9s de las redes sociales a la noticia que dio a conocer Marcelo Polino sobre el grave estado de su salud. Carmen Barbieri se encuentra complicada de salud. En las \u00faltimas horas Marcelo Polino confirm\u00f3 en su programa radial que la capoc\u00f3mica tuvo que ser intubada [&hellip;]<\/p>\n","protected":false},"author":2,"featured_media":16478,"comment_status":"open","ping_status":"open","sticky":false,"template":"","format":"standard","meta":{"tdm_status":"","tdm_grid_status":"","_joinchat":[],"footnotes":""},"categories":[65],"tags":[],"class_list":{"0":"post-16477","1":"post","2":"type-post","3":"status-publish","4":"format-standard","5":"has-post-thumbnail","7":"category-coronavirus"},"amp_enabled":true,"_links":{"self":[{"href":"https:\/\/www.todoeldia.com\/index.php\/wp-json\/wp\/v2\/posts\/16477","targetHints":{"allow":["GET"]}}],"collection":[{"href":"https:\/\/www.todoeldia.com\/index.php\/wp-json\/wp\/v2\/posts"}],"about":[{"href":"https:\/\/www.todoeldia.com\/index.php\/wp-json\/wp\/v2\/types\/post"}],"author":[{"embeddable":true,"href":"https:\/\/www.todoeldia.com\/index.php\/wp-json\/wp\/v2\/users\/2"}],"replies":[{"embeddable":true,"href":"https:\/\/www.todoeldia.com\/index.php\/wp-json\/wp\/v2\/comments?post=16477"}],"version-history":[{"count":1,"href":"https:\/\/www.todoeldia.com\/index.php\/wp-json\/wp\/v2\/posts\/16477\/revisions"}],"predecessor-version":[{"id":16479,"href":"https:\/\/www.todoeldia.com\/index.php\/wp-json\/wp\/v2\/posts\/16477\/revisions\/16479"}],"wp:featuredmedia":[{"embeddable":true,"href":"https:\/\/www.todoeldia.com\/index.php\/wp-json\/wp\/v2\/media\/16478"}],"wp:attachment":[{"href":"https:\/\/www.todoeldia.com\/index.php\/wp-json\/wp\/v2\/media?parent=16477"}],"wp:term":[{"taxonomy":"category","embeddable":true,"href":"https:\/\/www.todoeldia.com\/index.php\/wp-json\/wp\/v2\/categories?post=16477"},{"taxonomy":"post_tag","embeddable":true,"href":"https:\/\/www.todoeldia.com\/index.php\/wp-json\/wp\/v2\/tags?post=16477"}],"curies":[{"name":"wp","href":"https:\/\/api.w.org\/{rel}","templated":true}]}}