{"id":16596,"date":"2021-02-01T18:42:08","date_gmt":"2021-02-01T21:42:08","guid":{"rendered":"https:\/\/www.todoeldia.com\/?p=16596"},"modified":"2021-02-01T18:42:13","modified_gmt":"2021-02-01T21:42:13","slug":"solo-15-casos-de-coronavirus-en-salta","status":"publish","type":"post","link":"https:\/\/www.todoeldia.com\/index.php\/2021\/02\/01\/solo-15-casos-de-coronavirus-en-salta\/","title":{"rendered":"Solo 15 casos de coronavirus en Salta"},"content":{"rendered":"\n<p>Salud P\u00fablica inform\u00f3 que solo hubo en las \u00faltimas 24 horas 15 contagios de los cuales corresponden 12 a Capital; 1 a Metan; 1 Or\u00e1n y 1 a Cafayate. No hubo personas fallecidas.<\/p>\n\n\n\n<p>Desde el inicio de la pandemia, en la Provincia suman 23.552 los casos confirmados, de los cuales ya se han recuperado 20.854 lo que representa el 89%.<\/p>\n\n\n\n<p>Hay 71 pacientes internados en unidades de terapia intensiva, 24 con asistencia respiratoria mec\u00e1nica. A la fecha, los decesos por coronavirus registrados en Salta suman 1045.<\/p>\n\n\n\n<figure class=\"wp-block-table\"><table><tbody><tr><td><strong>Fecha: 01\/02\/2021 ( 14.00 hs)<\/strong><\/td><\/tr><tr><td><strong>Casos COVID-19 de residentes en la Provincia de Salta<\/strong><\/td><\/tr><tr><td><strong>Departamento<\/strong><\/td><td><strong>Casos notificados&nbsp;<\/strong><\/td><td><strong>Total de casos notificados a\u00f1o 2021<\/strong><\/td><td><strong>Total de casos acumulados<\/strong><\/td><\/tr><tr><td>Anta<\/td><td>0<\/td><td>124<\/td><td>817<\/td><\/tr><tr><td>Cachi<\/td><td>0<\/td><td>6<\/td><td>94<\/td><\/tr><tr><td>Cafayate<\/td><td>1<\/td><td>104<\/td><td>686<\/td><\/tr><tr><td>Capital<\/td><td>12<\/td><td>615<\/td><td>11156<\/td><\/tr><tr><td>Cerrillos<\/td><td>0<\/td><td>52<\/td><td>1027<\/td><\/tr><tr><td>Chicoana<\/td><td>0<\/td><td>10<\/td><td>330<\/td><\/tr><tr><td>Gral. G\u00fcemes<\/td><td>0<\/td><td>12<\/td><td>1198<\/td><\/tr><tr><td>Gral. San Mart\u00edn<\/td><td>0<\/td><td>90<\/td><td>2209<\/td><\/tr><tr><td>Guachipas<\/td><td>0<\/td><td>2<\/td><td>42<\/td><\/tr><tr><td>Iruya&nbsp;<\/td><td>0<\/td><td>0<\/td><td>120<\/td><\/tr><tr><td>La Caldera<\/td><td>0<\/td><td>21<\/td><td>264<\/td><\/tr><tr><td>La Candelaria<\/td><td>0<\/td><td>5<\/td><td>39<\/td><\/tr><tr><td>La Poma<\/td><td>0<\/td><td>0<\/td><td>35<\/td><\/tr><tr><td>La Vi\u00f1a<\/td><td>0<\/td><td>7<\/td><td>230<\/td><\/tr><tr><td>Los Andes<\/td><td>0<\/td><td>3<\/td><td>233<\/td><\/tr><tr><td>Met\u00e1n<\/td><td>1<\/td><td>133<\/td><td>669<\/td><\/tr><tr><td>Molinos<\/td><td>0<\/td><td>9<\/td><td>76<\/td><\/tr><tr><td>Or\u00e1n<\/td><td>1<\/td><td>55<\/td><td>2604<\/td><\/tr><tr><td>Rivadavia<\/td><td>0<\/td><td>13<\/td><td>251<\/td><\/tr><tr><td>Rosario de la Frontera<\/td><td>0<\/td><td>84<\/td><td>304<\/td><\/tr><tr><td>Rosario de Lerma<\/td><td>0<\/td><td>47<\/td><td>933<\/td><\/tr><tr><td>San Carlos<\/td><td>0<\/td><td>24<\/td><td>184<\/td><\/tr><tr><td>Santa Victoria<\/td><td>0<\/td><td>3<\/td><td>51<\/td><\/tr><tr><td><strong>TOTAL<\/strong><\/td><td><strong>15<\/strong><\/td><td><strong>1419<\/strong><\/td><td><strong>23552<\/strong><\/td><\/tr><\/tbody><\/table><\/figure>\n","protected":false},"excerpt":{"rendered":"<p>Salud P\u00fablica inform\u00f3 que solo hubo en las \u00faltimas 24 horas 15 contagios de los cuales corresponden 12 a Capital; 1 a Metan; 1 Or\u00e1n y 1 a Cafayate. No hubo personas fallecidas. Desde el inicio de la pandemia, en la Provincia suman 23.552 los casos confirmados, de los cuales ya se han recuperado 20.854 [&hellip;]<\/p>\n","protected":false},"author":2,"featured_media":16598,"comment_status":"open","ping_status":"open","sticky":false,"template":"","format":"standard","meta":{"tdm_status":"","tdm_grid_status":"","_joinchat":[],"footnotes":""},"categories":[65],"tags":[],"class_list":{"0":"post-16596","1":"post","2":"type-post","3":"status-publish","4":"format-standard","5":"has-post-thumbnail","7":"category-coronavirus"},"amp_enabled":true,"_links":{"self":[{"href":"https:\/\/www.todoeldia.com\/index.php\/wp-json\/wp\/v2\/posts\/16596","targetHints":{"allow":["GET"]}}],"collection":[{"href":"https:\/\/www.todoeldia.com\/index.php\/wp-json\/wp\/v2\/posts"}],"about":[{"href":"https:\/\/www.todoeldia.com\/index.php\/wp-json\/wp\/v2\/types\/post"}],"author":[{"embeddable":true,"href":"https:\/\/www.todoeldia.com\/index.php\/wp-json\/wp\/v2\/users\/2"}],"replies":[{"embeddable":true,"href":"https:\/\/www.todoeldia.com\/index.php\/wp-json\/wp\/v2\/comments?post=16596"}],"version-history":[{"count":1,"href":"https:\/\/www.todoeldia.com\/index.php\/wp-json\/wp\/v2\/posts\/16596\/revisions"}],"predecessor-version":[{"id":16599,"href":"https:\/\/www.todoeldia.com\/index.php\/wp-json\/wp\/v2\/posts\/16596\/revisions\/16599"}],"wp:featuredmedia":[{"embeddable":true,"href":"https:\/\/www.todoeldia.com\/index.php\/wp-json\/wp\/v2\/media\/16598"}],"wp:attachment":[{"href":"https:\/\/www.todoeldia.com\/index.php\/wp-json\/wp\/v2\/media?parent=16596"}],"wp:term":[{"taxonomy":"category","embeddable":true,"href":"https:\/\/www.todoeldia.com\/index.php\/wp-json\/wp\/v2\/categories?post=16596"},{"taxonomy":"post_tag","embeddable":true,"href":"https:\/\/www.todoeldia.com\/index.php\/wp-json\/wp\/v2\/tags?post=16596"}],"curies":[{"name":"wp","href":"https:\/\/api.w.org\/{rel}","templated":true}]}}