{"id":16620,"date":"2021-02-02T13:14:16","date_gmt":"2021-02-02T16:14:16","guid":{"rendered":"https:\/\/www.todoeldia.com\/?p=16620"},"modified":"2021-02-02T13:14:17","modified_gmt":"2021-02-02T16:14:17","slug":"policias-golpeadores-a-juicio","status":"publish","type":"post","link":"https:\/\/www.todoeldia.com\/index.php\/2021\/02\/02\/policias-golpeadores-a-juicio\/","title":{"rendered":"Polic\u00edas golpeadores a juicio"},"content":{"rendered":"\n<p>La fiscal penal de Derechos Humanos, Ver\u00f3nica Simesen de Bielke, requiri\u00f3 ante el Juzgado de Garant\u00edas 6, la elevaci\u00f3n a juicio de la causa que tiene como imputados al cabo H\u00e9ctor Gustavo Su\u00e1rez y el oficial principal Elber Enzo Burgos, acusados de los delitos de vejaciones agravadas por el uso de la violencia y lesiones leves, en concurso ideal.<\/p>\n\n\n\n<p>La intervenci\u00f3n de la Fiscal\u00eda Penal de Derechos Humanos, se produjo tras la denuncia radicada por la v\u00edctima, quien expres\u00f3 que el s\u00e1bado 17 de octubre de 2020, se present\u00f3 en la esquina de la peatonal Alberdi y calle Urquiza, cerca de las 18:30, para visitar a su beba de 6 meses, ya que se hab\u00eda separado de la madre de la ni\u00f1a.<\/p>\n\n\n\n<p>En su relato, el denunciante sostuvo que la mujer le entreg\u00f3 a la beba y cruz\u00f3 al frente. Minutos despu\u00e9s, estaba sentado en la puerta de un hotel junto a la ni\u00f1a, cuando de repente, la mujer volvi\u00f3 acompa\u00f1ada de polic\u00edas, quienes le dijeron que deb\u00eda devolver a la beba a su madre porque el denunciante ten\u00eda una medida cautelar de no acercarse a la beb\u00e9 y la expareja.<\/p>\n\n\n\n<p>La v\u00edctima dijo que desconoc\u00eda la medida y menos que su expareja lo hubiera denunciado.<\/p>\n\n\n\n<p>Relat\u00f3 que el oficial a cargo de la Comisar\u00eda Primera, le dio un golpe de pu\u00f1o que le produjo lesiones en la cara y la p\u00e9rdida de un diente. Cuando el damnificado le pidi\u00f3 que se detuviera, el mismo polic\u00eda y sus compa\u00f1eros, le pegaron y lo llevaron detenido. Durante el transcurso del viaje a la comisar\u00eda, tambi\u00e9n lo golpearon.<\/p>\n\n\n\n<p>Adem\u00e1s, precis\u00f3 que cuando lo llevaron al m\u00e9dico legal, le dijeron que se mantuviera callado porque sino \u201cle iba a ir peor\u201d, y destac\u00f3 que por miedo a que lo mataran a golpes, fue obligado a mentir que se hab\u00eda lesionado en otro lado.<\/p>\n\n\n\n<p>Al radicar la denuncia, el damnificado pidi\u00f3 que se tomaran cartas en el asunto, ya que lo perjudicaron laboral y psicol\u00f3gicamente. Tambi\u00e9n solicit\u00f3 revisaci\u00f3n de un m\u00e9dico legal.<\/p>\n\n\n\n<p>Del requerimiento surgi\u00f3 que los hechos fueron corroborados tras la denuncia y la declaraci\u00f3n testimonial del damnificado, los certificados de ex\u00e1menes m\u00e9dicos realizados por el CIF e informes de copias del libro de guardia, entre otros elementos reunidos, que dieron cuenta de la autor\u00eda de los delitos cometidos por los imputados.<\/p>\n\n\n\n<p>En sus fundamentos, la fiscal penal Ver\u00f3nica Simesen de Bielke, sostuvo que surgi\u00f3 con claridad que la figura endilgada pretende proteger el remanente de libertad del que dispone todo detenido, en virtud de ser sujeto de derecho, lo que ata\u00f1e directamente a su dignidad como persona.<\/p>\n\n\n\n<p>Ese derecho, como atributo de la personalidad, est\u00e1 asociado puntualmente a las pautas que imponen ciertos est\u00e1ndares m\u00ednimos establecidos por la Constituci\u00f3n Nacional, juntamente con los Instrumentos Internacionales de Derechos Humanos, en relaci\u00f3n a la forma en que debe llevarse a cabo toda medida de encierro.<\/p>\n","protected":false},"excerpt":{"rendered":"<p>La fiscal penal de Derechos Humanos, Ver\u00f3nica Simesen de Bielke, requiri\u00f3 ante el Juzgado de Garant\u00edas 6, la elevaci\u00f3n a juicio de la causa que tiene como imputados al cabo H\u00e9ctor Gustavo Su\u00e1rez y el oficial principal Elber Enzo Burgos, acusados de los delitos de vejaciones agravadas por el uso de la violencia y lesiones [&hellip;]<\/p>\n","protected":false},"author":2,"featured_media":16621,"comment_status":"open","ping_status":"open","sticky":false,"template":"","format":"standard","meta":{"tdm_status":"","tdm_grid_status":"","_joinchat":[],"footnotes":""},"categories":[73],"tags":[],"class_list":{"0":"post-16620","1":"post","2":"type-post","3":"status-publish","4":"format-standard","5":"has-post-thumbnail","7":"category-noticias-general"},"amp_enabled":true,"_links":{"self":[{"href":"https:\/\/www.todoeldia.com\/index.php\/wp-json\/wp\/v2\/posts\/16620","targetHints":{"allow":["GET"]}}],"collection":[{"href":"https:\/\/www.todoeldia.com\/index.php\/wp-json\/wp\/v2\/posts"}],"about":[{"href":"https:\/\/www.todoeldia.com\/index.php\/wp-json\/wp\/v2\/types\/post"}],"author":[{"embeddable":true,"href":"https:\/\/www.todoeldia.com\/index.php\/wp-json\/wp\/v2\/users\/2"}],"replies":[{"embeddable":true,"href":"https:\/\/www.todoeldia.com\/index.php\/wp-json\/wp\/v2\/comments?post=16620"}],"version-history":[{"count":1,"href":"https:\/\/www.todoeldia.com\/index.php\/wp-json\/wp\/v2\/posts\/16620\/revisions"}],"predecessor-version":[{"id":16622,"href":"https:\/\/www.todoeldia.com\/index.php\/wp-json\/wp\/v2\/posts\/16620\/revisions\/16622"}],"wp:featuredmedia":[{"embeddable":true,"href":"https:\/\/www.todoeldia.com\/index.php\/wp-json\/wp\/v2\/media\/16621"}],"wp:attachment":[{"href":"https:\/\/www.todoeldia.com\/index.php\/wp-json\/wp\/v2\/media?parent=16620"}],"wp:term":[{"taxonomy":"category","embeddable":true,"href":"https:\/\/www.todoeldia.com\/index.php\/wp-json\/wp\/v2\/categories?post=16620"},{"taxonomy":"post_tag","embeddable":true,"href":"https:\/\/www.todoeldia.com\/index.php\/wp-json\/wp\/v2\/tags?post=16620"}],"curies":[{"name":"wp","href":"https:\/\/api.w.org\/{rel}","templated":true}]}}