{"id":17763,"date":"2021-02-23T15:44:47","date_gmt":"2021-02-23T18:44:47","guid":{"rendered":"https:\/\/www.todoeldia.com\/?p=17763"},"modified":"2021-02-23T15:44:48","modified_gmt":"2021-02-23T18:44:48","slug":"desde-hoy-funciona-el-cuerpo-especializado-de-investigadores-del-ministerio-publico-fiscal","status":"publish","type":"post","link":"https:\/\/www.todoeldia.com\/index.php\/2021\/02\/23\/desde-hoy-funciona-el-cuerpo-especializado-de-investigadores-del-ministerio-publico-fiscal\/","title":{"rendered":"Desde hoy funciona el Cuerpo Especializado de Investigadores del Ministerio P\u00fablico Fiscal"},"content":{"rendered":"\n<p>El Gobernador y el Procurador inauguraron la sede del organismo formado por profesionales que dar\u00e1n asistencia a los fiscales penales en su funci\u00f3n de investigaci\u00f3n y prestar\u00e1n colaboraci\u00f3n en la elaboraci\u00f3n de la teor\u00eda del caso. Tambi\u00e9n se anunci\u00f3 la conformaci\u00f3n del comit\u00e9 acad\u00e9mico de capacitaci\u00f3n de los investigadores del Ministerio.<\/p>\n\n\n\n<p>El gobernador Gustavo S\u00e1enz y el procurador Abel Cornejo encabezaron el acto de inauguraci\u00f3n de la sede del Cuerpo Especializado de Investigadores (CEI) dependiente del Ministerio P\u00fablico Fiscal. Este organismo, de car\u00e1cter profesional especializado e independiente, tiene por objeto brindar asistencia a los fiscales penales en su funci\u00f3n de investigaci\u00f3n y de prestar colaboraci\u00f3n en la elaboraci\u00f3n de la teor\u00eda del caso.<\/p>\n\n\n\n<p>\u201cAcompa\u00f1amos la creaci\u00f3n de este nuevo Cuerpo, que tiene la funci\u00f3n de reforzar el sistema judicial y dar respuesta al reclamo de justicia de la gente\u201d, se\u00f1al\u00f3 el Gobernador con referencia al accionar que tendr\u00e1 el CEI como auxiliar del Ministerio P\u00fablico Fiscal para dar la asistencia t\u00e9cnica necesaria en el desarrollo de las investigaciones a requerimiento de los fiscales.<\/p>\n\n\n\n<p>En la nueva sede del CIF, que funciona en barrio Casta\u00f1ares, se desempe\u00f1ar\u00e1n los primeros 13 investigadores egresados que recibieron sus placas identificatorias tras haber aprobado la capacitaci\u00f3n intensiva. Al respecto el Procurador se refiri\u00f3 a la formaci\u00f3n que fue intensiva y con altos par\u00e1metros acad\u00e9micos: \u201cEstoy muy orgulloso de este Cuerpo y de la gran calidad de sus investigadores\u201d, dijo.<\/p>\n\n\n\n<p>\u201cSalta es una de las pocas provincias no s\u00f3lo de Argentina, sino de Iberoam\u00e9rica, con un Cuerpo especializado de investigaciones que desempe\u00f1ar\u00e1 sus funciones con la mayor calidad cient\u00edfica\u201d, subray\u00f3 Cornejo al destacar el CIF como brazo auxiliar del Ministerio P\u00fablico Fiscal que \u201ccon calidad, celeridad y mejores condiciones atender\u00e1 al clamor de justicia que reclama la gente\u201d.<\/p>\n\n\n\n<p>Durante el acto, el Gobernador y Procurador realizaron intercambio de placas identificatorias y posteriormente entregaron los certificados de reconocimiento a los organizadores y coordinadores de la Capacitaci\u00f3n &#8220;Formaci\u00f3n de Investigadores Fiscales&#8221;.<\/p>\n\n\n\n<p>Tambi\u00e9n se anunci\u00f3 la conformaci\u00f3n del comit\u00e9 acad\u00e9mico de capacitaci\u00f3n permanente y continua de los investigadores del Ministerio P\u00fablico Fiscal.<\/p>\n\n\n\n<p>Participaron la coordinadora General de la Procuraci\u00f3n, Ana Cecilia Carraro; el ministro de Seguridad Juan Manuel Pulleiro; el secretario de Justicia, Diego P\u00e9rez; el delegado de Polic\u00eda Federal Agust\u00edn Alejandro Caffaro; el jefe de Polic\u00eda de la Provincia Jos\u00e9 Ibarra; el jefe de Gabinete de Criminal\u00edstica de la 7ma Agrupaci\u00f3n Salta, Dar\u00edo Flores; delegada de AFI Laura Garc\u00eda Albeza; Coordinadores el Cuerpo Directivo de la capacitaci\u00f3n Sof\u00eda Cornejo Sol\u00e1, Jorge Ren\u00e9 Silisque; el jefe del Cuerpo Especializado de Investigadores, Omar D\u00e1vila, integrantes del CEI, magistrados, funcionarios del MPF, entre otros.<\/p>\n","protected":false},"excerpt":{"rendered":"<p>El Gobernador y el Procurador inauguraron la sede del organismo formado por profesionales que dar\u00e1n asistencia a los fiscales penales en su funci\u00f3n de investigaci\u00f3n y prestar\u00e1n colaboraci\u00f3n en la elaboraci\u00f3n de la teor\u00eda del caso. Tambi\u00e9n se anunci\u00f3 la conformaci\u00f3n del comit\u00e9 acad\u00e9mico de capacitaci\u00f3n de los investigadores del Ministerio. El gobernador Gustavo S\u00e1enz [&hellip;]<\/p>\n","protected":false},"author":2,"featured_media":17764,"comment_status":"open","ping_status":"open","sticky":false,"template":"","format":"standard","meta":{"tdm_status":"","tdm_grid_status":"","_joinchat":[],"footnotes":""},"categories":[73],"tags":[],"class_list":{"0":"post-17763","1":"post","2":"type-post","3":"status-publish","4":"format-standard","5":"has-post-thumbnail","7":"category-noticias-general"},"amp_enabled":true,"_links":{"self":[{"href":"https:\/\/www.todoeldia.com\/index.php\/wp-json\/wp\/v2\/posts\/17763","targetHints":{"allow":["GET"]}}],"collection":[{"href":"https:\/\/www.todoeldia.com\/index.php\/wp-json\/wp\/v2\/posts"}],"about":[{"href":"https:\/\/www.todoeldia.com\/index.php\/wp-json\/wp\/v2\/types\/post"}],"author":[{"embeddable":true,"href":"https:\/\/www.todoeldia.com\/index.php\/wp-json\/wp\/v2\/users\/2"}],"replies":[{"embeddable":true,"href":"https:\/\/www.todoeldia.com\/index.php\/wp-json\/wp\/v2\/comments?post=17763"}],"version-history":[{"count":1,"href":"https:\/\/www.todoeldia.com\/index.php\/wp-json\/wp\/v2\/posts\/17763\/revisions"}],"predecessor-version":[{"id":17765,"href":"https:\/\/www.todoeldia.com\/index.php\/wp-json\/wp\/v2\/posts\/17763\/revisions\/17765"}],"wp:featuredmedia":[{"embeddable":true,"href":"https:\/\/www.todoeldia.com\/index.php\/wp-json\/wp\/v2\/media\/17764"}],"wp:attachment":[{"href":"https:\/\/www.todoeldia.com\/index.php\/wp-json\/wp\/v2\/media?parent=17763"}],"wp:term":[{"taxonomy":"category","embeddable":true,"href":"https:\/\/www.todoeldia.com\/index.php\/wp-json\/wp\/v2\/categories?post=17763"},{"taxonomy":"post_tag","embeddable":true,"href":"https:\/\/www.todoeldia.com\/index.php\/wp-json\/wp\/v2\/tags?post=17763"}],"curies":[{"name":"wp","href":"https:\/\/api.w.org\/{rel}","templated":true}]}}