{"id":17863,"date":"2021-02-24T21:06:49","date_gmt":"2021-02-25T00:06:49","guid":{"rendered":"https:\/\/www.todoeldia.com\/?p=17863"},"modified":"2021-02-24T21:06:50","modified_gmt":"2021-02-25T00:06:50","slug":"vacunatorio-vip-juntos-por-el-cambio-exigio-que-cafiero-y-vizzotti-den-explicaciones-en-el-congreso-y-pidio-auditar-las-compras-de-las-vacunas","status":"publish","type":"post","link":"https:\/\/www.todoeldia.com\/index.php\/2021\/02\/24\/vacunatorio-vip-juntos-por-el-cambio-exigio-que-cafiero-y-vizzotti-den-explicaciones-en-el-congreso-y-pidio-auditar-las-compras-de-las-vacunas\/","title":{"rendered":"Vacunatorio VIP: Juntos por el Cambio exigi\u00f3 que Cafiero y Vizzotti den explicaciones en el Congreso y pidi\u00f3 auditar las compras de las vacunas"},"content":{"rendered":"\n<p>Lo anunci\u00f3 la conducci\u00f3n nacional de la fuerza opositora, que tambi\u00e9n pedir\u00e1 al Gobierno la lista completa de vacunados y presentar\u00e1 un pedido de informes para que se brinde toda la informaci\u00f3n sobre los vacunados en todo el pa\u00eds. Duras cr\u00edticas contra el oficialismo<\/p>\n\n\n\n<p>La conducci\u00f3n nacional de Juntos por el Cambio intensific\u00f3 su ofensiva contra el Gobierno por el vacunatorio VIP y anunci\u00f3 una serie de iniciativas con eje en el Congreso: una de ellas es el pedido de interpelaci\u00f3n para que \u201cen forma inmediata\u201d el jefe de Gabinete, Santiago Cafiero, y la flamante ministra de Salud, Carla Vizzotti, brinden explicaciones sobre las irregularidades con las vacunas.<\/p>\n\n\n\n<figure class=\"wp-block-image is-resized\"><img loading=\"lazy\" decoding=\"async\" src=\"https:\/\/www.infobae.com\/new-resizer\/z3mZr7xDiUFEHozVwwp9kGkhK0U=\/420x236\/filters:format(jpg):quality(85)\/\/cloudfront-us-east-1.images.arcpublishing.com\/infobae\/H7LFP7QPYRE2HHPTMFFJRSXAX4.jpg\" alt=\"Patricia Bullrich, Alfredo Cornejo y Maximiliano Ferraro, en la conferencia de prensa\" width=\"1060\" height=\"628\"\/><figcaption>Patricia Bullrich, Alfredo Cornejo y Maximiliano Ferraro, en la conferencia de prensa<\/figcaption><\/figure>\n\n\n\n<p>Adem\u00e1s, se impulsar\u00e1 en comisi\u00f3n un pedido de informes al Poder Ejecutivo Nacional para que proporcione la \u201dinformaci\u00f3n completa y a fondo\u201d sobre el tema, la lista de vacunados y los detalles sobre la forma en que se aplicaron las dosis de la Sputnik V en todo el pa\u00eds.<\/p>\n\n\n\n<p>La principal fuerza opositora tambi\u00e9n presentar\u00e1 en el Congreso proyectos de ley para garantizar \u201cla transparencia y la trazabilidad del plan de vacunaci\u00f3n\u201d, donde estar\u00e1 incluida la creaci\u00f3n de un Registro Nacional en el que deber\u00e1n figurar todos los datos sobre las dosis aplicadas y un pedido a la Auditor\u00eda General de la Naci\u00f3n para que haga un an\u00e1lisis exhaustivo sobre la vacunaci\u00f3n y los contratos firmados por el Estado para comprar la Sputnik V y la de Oxford-AstraZeneca.<\/p>\n\n\n\n<p>Los anuncios fueron efectuados en una conferencia de prensa realizada en el Comit\u00e9 Nacional de la UCR, con la presencia de diez referentes de Juntos por el Cambio: Alfredo Cornejo, Mario Negri, Luis Naidenoff y Mart\u00edn Lousteau por el radicalismo; Patricia Bullrich, Cristian Ritondo y Humberto Schiavonni, por el PRO; Maximiliano Ferraro y Juan Manuel L\u00f3pez, por la Coalici\u00f3n C\u00edvica, y Miguel Angel Pichetto, como representante de la pata peronista de JxC.<\/p>\n\n\n\n<p>Cornejo, al abrir el encuentro, destac\u00f3 que el esc\u00e1ndalo del vacunatorio VIP \u201cle hace perder autoridad al Gobierno\u201d, aunque dijo que Juntos por el Cambio no quer\u00eda quedarse en las cr\u00edticas sino tambi\u00e9n hacer \u201cpropuestas concretas\u201d vinculadas con este episodio y que se traducir\u00e1n en iniciativas parlamentarias dirigidas a obtener informaci\u00f3n y procurar transparencia.<\/p>\n\n\n\n<figure class=\"wp-block-image is-resized\"><img loading=\"lazy\" decoding=\"async\" src=\"https:\/\/www.infobae.com\/new-resizer\/mvWUBPARGRu0jP3N99MXr_LSj4U=\/420x236\/filters:format(jpg):quality(85)\/\/cloudfront-us-east-1.images.arcpublishing.com\/infobae\/PCVAULN6DZAY3EWXBTBD4ZT244.jpg\" alt=\"Maximiliano Ferraro, acompa\u00f1ado por Patricia Bullrich y Alfredo Cornejo\" width=\"1066\" height=\"631\"\/><figcaption>Maximiliano Ferraro, acompa\u00f1ado por Patricia Bullrich y Alfredo Cornejo<\/figcaption><\/figure>\n\n\n\n<p>Patricia Bullrich, a continuaci\u00f3n, consider\u00f3 que hay \u201cuna l\u00ednea de continuidad\u201d entre los hechos de corrupci\u00f3n por los cuales condenaron al empresario L\u00e1zaro B\u00e1ez a 12 a\u00f1os de c\u00e1rcel y las vacunas que \u201csalieron del circuito oficial y generaron una serie de privilegios y discrecionalidad que comenzaron desde el primer d\u00eda que lleg\u00f3 el avi\u00f3n a Ezeiza\u201d con las dosis de Sputnik V.<\/p>\n\n\n\n<p>\u201cEl objetivo fue la partidizaci\u00f3n de la vacuna\u201d, denunci\u00f3 la presidenta del PRO y detall\u00f3 las irregularidades con las aplicaci\u00f3n de la Sputnik V, como las que se detectaron en Olavarr\u00eda (\u201cdonde hay un vacunatorio moderno, pero se metieron 4590 dosis en el freezer de un sindicato y se pudrieron\u201d) y en Pergamino (\u201dtiene 27 centros de salud que no se usaron y en los locales de La C\u00e1mpora se comenzaron a inscribir quienes tienen que vacunarse, como si fuera una vacuna del Frente de Todos y no una vacuna de todos los argentinos pagada por los impuestos de todos\u201d).<\/p>\n\n\n\n<p>Bullrich sostuvo que a esos hechos se sum\u00f3 el vacunatorio VIP, que represent\u00f3 \u201cel uso del poder que le dio la ciudadan\u00eda a cualquier funcionario para ayudar los amigos y los familiares de esos funcionarios\u201d. \u201cQueremos saber d\u00f3nde termina eso porque ayer el Presidente hizo ayer una confesi\u00f3n: dijo que hab\u00edan tenido que desviar el curso normal del protocolo porque la prensa hab\u00eda dicho cualquier cosa\u201d, dijo, pero advirti\u00f3 que \u201cel camino natural se desvi\u00f3 porque es una concepci\u00f3n, una manera de pensar la pol\u00edtica, como qued\u00f3 demostrado con L\u00e1zaro B\u00e1ez\u201d.<\/p>\n\n\n\n<p>\u201cQueremos saber exactamente por qu\u00e9 se termin\u00f3 vacunando a una oligarqu\u00eda pol\u00edtica, kirchnerista, que utiliza los medios del Estado para fines propios y utiliz\u00f3 un sistema paralelo para ellos\u201d, se\u00f1al\u00f3 la ex ministra de Seguridad de Cambiemos, que enseguida le apunt\u00f3 en forma directa al sindicalista Hugo Moyano: \u201cEn el caso de los camioneros, quien se vacun\u00f3 fue el de la nomenclatura, el jerarca, no los muchachos que trabajaron durante toda la pandemia\u201d.<\/p>\n\n\n\n<figure class=\"wp-block-image is-resized\"><img loading=\"lazy\" decoding=\"async\" src=\"https:\/\/www.infobae.com\/new-resizer\/XXNzryGy-AhVZGrSxqnhE-sy1fg=\/420x236\/filters:format(jpg):quality(85)\/\/cloudfront-us-east-1.images.arcpublishing.com\/infobae\/PCL42ASVYVAFXGF7K4H6OYKGIY.jpg\" alt=\"Juntos por el Cambio pidi\u00f3 la interpelaci\u00f3n de dos ministros por el vacunatorio VIP\" width=\"1053\" height=\"623\"\/><figcaption>Juntos por el Cambio pidi\u00f3 la interpelaci\u00f3n de dos ministros por el vacunatorio VIP<\/figcaption><\/figure>\n\n\n\n<p>Maximiliano Ferraro, presidente de la Coalici\u00f3n C\u00edvica, tom\u00f3 luego la palabra y sostuvo: \u201cNos escandaliza y vemos con gravedad que a lo largo y ancho del pa\u00eds, y en la provincia de Buenos Aires, hay una apropiaci\u00f3n de lo p\u00fablico, hay un manejo hip\u00f3crita, c\u00ednico, proselitista y partidario con respecto al derecho que le corresponde a todos los ciudadanos\u201d.<\/p>\n\n\n\n<p>\u201cNo solamente es una consideraci\u00f3n pol\u00edtica sino que es tambi\u00e9n poder tener herramientas para la transparencia, el acceso a la informaci\u00f3n y para recuperar la confianza y dar una clara respuesta a la ciudadan\u00eda. La dirigencia pol\u00edtica tiene que dar el ejemplo. Hacemos un llamamiento a recuperar la cordura y seriedad y dejar atr\u00e1s la Argentina de los privilegios\u201d, plante\u00f3.<\/p>\n\n\n\n<p>A continuaci\u00f3n, el titular del Interbloque de diputados nacionales de JxC, Mario Negri, anunci\u00f3 la bater\u00eda de iniciativas parlamentarias que impulsar\u00e1n en las pr\u00f3ximas horas, desde el pedido de interpelaci\u00f3n hasta la presentaci\u00f3n de proyectos de ley para dar transparencia a la vacunaci\u00f3n.<\/p>\n\n\n\n<p>Pichetto, por su parte, opin\u00f3 que \u201cel enojo de la gente es por la escasez de vacunas\u201d, por lo que consider\u00f3 que \u201cel Gobierno debe retomar las negociaciones con la empresa Pfizer\u201d para adquirir las dosis de la misma forma que en pa\u00edses como Chile y Per\u00fa, y sostuvo que el ex ministro Gin\u00e9s Gonz\u00e1lez Garc\u00eda \u201cdio explicaciones poco s\u00f3lidas\u201d sobre por qu\u00e9 no se compraron esas vacunas.<\/p>\n\n\n\n<p>Al responder una de las preguntas, Bullrich asegur\u00f3 que la dirigencia de Juntos por el Cambio no participar\u00e1 en forma org\u00e1nica de la movilizaci\u00f3n que se convoc\u00f3 desde las redes sociales para el s\u00e1bado con el fin de protestar contra el vacunatorio VIP. Aclar\u00f3 que se trata de \u201cuna decisi\u00f3n individual y cada uno har\u00e1 lo que considere oportuno\u201d.<\/p>\n","protected":false},"excerpt":{"rendered":"<p>Lo anunci\u00f3 la conducci\u00f3n nacional de la fuerza opositora, que tambi\u00e9n pedir\u00e1 al Gobierno la lista completa de vacunados y presentar\u00e1 un pedido de informes para que se brinde toda la informaci\u00f3n sobre los vacunados en todo el pa\u00eds. Duras cr\u00edticas contra el oficialismo La conducci\u00f3n nacional de Juntos por el Cambio intensific\u00f3 su ofensiva [&hellip;]<\/p>\n","protected":false},"author":2,"featured_media":17864,"comment_status":"open","ping_status":"open","sticky":false,"template":"","format":"standard","meta":{"tdm_status":"","tdm_grid_status":"","_joinchat":[],"footnotes":""},"categories":[59],"tags":[],"class_list":{"0":"post-17863","1":"post","2":"type-post","3":"status-publish","4":"format-standard","5":"has-post-thumbnail","7":"category-politica"},"amp_enabled":true,"_links":{"self":[{"href":"https:\/\/www.todoeldia.com\/index.php\/wp-json\/wp\/v2\/posts\/17863","targetHints":{"allow":["GET"]}}],"collection":[{"href":"https:\/\/www.todoeldia.com\/index.php\/wp-json\/wp\/v2\/posts"}],"about":[{"href":"https:\/\/www.todoeldia.com\/index.php\/wp-json\/wp\/v2\/types\/post"}],"author":[{"embeddable":true,"href":"https:\/\/www.todoeldia.com\/index.php\/wp-json\/wp\/v2\/users\/2"}],"replies":[{"embeddable":true,"href":"https:\/\/www.todoeldia.com\/index.php\/wp-json\/wp\/v2\/comments?post=17863"}],"version-history":[{"count":1,"href":"https:\/\/www.todoeldia.com\/index.php\/wp-json\/wp\/v2\/posts\/17863\/revisions"}],"predecessor-version":[{"id":17865,"href":"https:\/\/www.todoeldia.com\/index.php\/wp-json\/wp\/v2\/posts\/17863\/revisions\/17865"}],"wp:featuredmedia":[{"embeddable":true,"href":"https:\/\/www.todoeldia.com\/index.php\/wp-json\/wp\/v2\/media\/17864"}],"wp:attachment":[{"href":"https:\/\/www.todoeldia.com\/index.php\/wp-json\/wp\/v2\/media?parent=17863"}],"wp:term":[{"taxonomy":"category","embeddable":true,"href":"https:\/\/www.todoeldia.com\/index.php\/wp-json\/wp\/v2\/categories?post=17863"},{"taxonomy":"post_tag","embeddable":true,"href":"https:\/\/www.todoeldia.com\/index.php\/wp-json\/wp\/v2\/tags?post=17863"}],"curies":[{"name":"wp","href":"https:\/\/api.w.org\/{rel}","templated":true}]}}