{"id":18047,"date":"2021-03-01T09:29:17","date_gmt":"2021-03-01T12:29:17","guid":{"rendered":"https:\/\/www.todoeldia.com\/?p=18047"},"modified":"2021-03-01T09:29:18","modified_gmt":"2021-03-01T12:29:18","slug":"cierran-otras-dos-fiscalias-por-casos-positivos-de-covid-19","status":"publish","type":"post","link":"https:\/\/www.todoeldia.com\/index.php\/2021\/03\/01\/cierran-otras-dos-fiscalias-por-casos-positivos-de-covid-19\/","title":{"rendered":"Cierran otras dos fiscal\u00edas por casos positivos de Covid-19"},"content":{"rendered":"\n<p>El procurador general de la provincia, Abel Cornejo, resolvi\u00f3 el cierre preventivo de las fiscal\u00edas penales de Cerrillos y de Violencia Familiar y de G\u00e9nero 2, en virtud de que ambas confirmaron un caso positivo para Covid-19. Se mantiene el trabajo remoto y los fiscales realizar\u00e1n todos los actos procesales presenciales impostergables.<\/p>\n\n\n\n<p>Cornejo dispuso con car\u00e1cter preventivo que las y los funcionarios y todo el personal de la Fiscal\u00eda Penal de Cerrillos y de la Fiscal\u00eda Penal de Violencia Familiar y G\u00e9nero N\u00ba 2 del Distrito Judicial Centro, cumplir\u00e1n sus funciones desde sus hogares, a partir del lunes 1 de marzo del corriente a\u00f1o y hasta que el Servicio M\u00e9dico del Ministerio P\u00fablico lo recomiende.<\/p>\n\n\n\n<p>Es que se present\u00f3 un caso con resultado positivo para Covid-19 en cada una de las fiscal\u00edas y por ello, con car\u00e1cter de urgente, se dispuso una serie de medidas restrictivas para ambas dependencias y en resguardo de la salud p\u00fablica comprometida.<\/p>\n\n\n\n<p>En consecuencia, los fiscales penales de Cerrillos, Federico Gabriel Portal; y de la Fiscal\u00eda de Violencia Familiar y de G\u00e9nero 2, Facundo Ruiz de los Llanos, realizar\u00e1n todos los actos procesales de car\u00e1cter presencial que resulten impostergables para la dependencia.<\/p>\n\n\n\n<p>Se recomend\u00f3 a todos los agentes alcanzados por la medida preventiva de aislamiento, que permanezcan en sus domicilios para evitar la propagaci\u00f3n de la enfermedad en el contexto de la pandemia por COVID-19.<\/p>\n","protected":false},"excerpt":{"rendered":"<p>El procurador general de la provincia, Abel Cornejo, resolvi\u00f3 el cierre preventivo de las fiscal\u00edas penales de Cerrillos y de Violencia Familiar y de G\u00e9nero 2, en virtud de que ambas confirmaron un caso positivo para Covid-19. Se mantiene el trabajo remoto y los fiscales realizar\u00e1n todos los actos procesales presenciales impostergables. Cornejo dispuso con [&hellip;]<\/p>\n","protected":false},"author":2,"featured_media":18050,"comment_status":"open","ping_status":"open","sticky":false,"template":"","format":"standard","meta":{"tdm_status":"","tdm_grid_status":"","_joinchat":[],"footnotes":""},"categories":[73],"tags":[],"class_list":{"0":"post-18047","1":"post","2":"type-post","3":"status-publish","4":"format-standard","5":"has-post-thumbnail","7":"category-noticias-general"},"amp_enabled":true,"_links":{"self":[{"href":"https:\/\/www.todoeldia.com\/index.php\/wp-json\/wp\/v2\/posts\/18047","targetHints":{"allow":["GET"]}}],"collection":[{"href":"https:\/\/www.todoeldia.com\/index.php\/wp-json\/wp\/v2\/posts"}],"about":[{"href":"https:\/\/www.todoeldia.com\/index.php\/wp-json\/wp\/v2\/types\/post"}],"author":[{"embeddable":true,"href":"https:\/\/www.todoeldia.com\/index.php\/wp-json\/wp\/v2\/users\/2"}],"replies":[{"embeddable":true,"href":"https:\/\/www.todoeldia.com\/index.php\/wp-json\/wp\/v2\/comments?post=18047"}],"version-history":[{"count":1,"href":"https:\/\/www.todoeldia.com\/index.php\/wp-json\/wp\/v2\/posts\/18047\/revisions"}],"predecessor-version":[{"id":18051,"href":"https:\/\/www.todoeldia.com\/index.php\/wp-json\/wp\/v2\/posts\/18047\/revisions\/18051"}],"wp:featuredmedia":[{"embeddable":true,"href":"https:\/\/www.todoeldia.com\/index.php\/wp-json\/wp\/v2\/media\/18050"}],"wp:attachment":[{"href":"https:\/\/www.todoeldia.com\/index.php\/wp-json\/wp\/v2\/media?parent=18047"}],"wp:term":[{"taxonomy":"category","embeddable":true,"href":"https:\/\/www.todoeldia.com\/index.php\/wp-json\/wp\/v2\/categories?post=18047"},{"taxonomy":"post_tag","embeddable":true,"href":"https:\/\/www.todoeldia.com\/index.php\/wp-json\/wp\/v2\/tags?post=18047"}],"curies":[{"name":"wp","href":"https:\/\/api.w.org\/{rel}","templated":true}]}}