{"id":18260,"date":"2021-03-03T14:33:24","date_gmt":"2021-03-03T17:33:24","guid":{"rendered":"https:\/\/www.todoeldia.com\/?p=18260"},"modified":"2021-03-03T14:33:26","modified_gmt":"2021-03-03T17:33:26","slug":"boteros-bolivianos-responsabilizan-a-argentinos-por-tragedia-en-el-rio-bermejo","status":"publish","type":"post","link":"https:\/\/www.todoeldia.com\/index.php\/2021\/03\/03\/boteros-bolivianos-responsabilizan-a-argentinos-por-tragedia-en-el-rio-bermejo\/","title":{"rendered":"Boteros bolivianos responsabilizan a argentinos por tragedia en el rio Bermejo"},"content":{"rendered":"\n<p>La Asociaci\u00f3n de Boteros Artesanales se\u00f1alan que el gom\u00f3n que transportaba al grupo de personas que fueron arrastrados por el r\u00edo Bermejo seria de propietarios argentinos.<\/p>\n\n\n\n<p>El dirigente Emilio Contreras asegura que los boteros que trabajan en territorio boliviano decidieron replegarse, tras observar el incremento de niveles en el Bermejo.<\/p>\n\n\n\n<p>\u201cEl bote que ha tenido el accidente trabaja en la parte argentina, son muchachos que no est\u00e1n dentro de la asociaci\u00f3n, es gente que no tiene experiencia\u201d, dijo a Radio Fides.<\/p>\n\n\n\n<p>Seg\u00fan indican, hicieron llegar una nota a la capitan\u00eda de puerto para informar que no est\u00e1n operando y que \u201cdeslindan\u201d responsabilidad por cualquier hecho.<\/p>\n\n\n\n<p>\u201cNosotros no somos ilegales, tenemos nuestra personer\u00eda, ya estamos m\u00e1s de 15 a\u00f1os trabajando, pasa que hay gente nueva que no conoce del r\u00edo\u201d, agreg\u00f3.<\/p>\n\n\n\n<p>Antecedentes<\/p>\n\n\n\n<p>Un grupo de personas que intentaban cruzar la frontera fueron arrastradas, luego que el gom\u00f3n en el que se transportaba sufriera una pinchadura.<\/p>\n\n\n\n<p>El informe preliminar de la polic\u00eda es que existen 6 personas desaparecidas, para lo cual se ha iniciado un operativo de b\u00fasqueda con fuerzas de ambos pa\u00edses.<\/p>\n","protected":false},"excerpt":{"rendered":"<p>La Asociaci\u00f3n de Boteros Artesanales se\u00f1alan que el gom\u00f3n que transportaba al grupo de personas que fueron arrastrados por el r\u00edo Bermejo seria de propietarios argentinos. El dirigente Emilio Contreras asegura que los boteros que trabajan en territorio boliviano decidieron replegarse, tras observar el incremento de niveles en el Bermejo. \u201cEl bote que ha tenido [&hellip;]<\/p>\n","protected":false},"author":2,"featured_media":18261,"comment_status":"open","ping_status":"open","sticky":false,"template":"","format":"standard","meta":{"tdm_status":"","tdm_grid_status":"","_joinchat":[],"footnotes":""},"categories":[73],"tags":[],"class_list":{"0":"post-18260","1":"post","2":"type-post","3":"status-publish","4":"format-standard","5":"has-post-thumbnail","7":"category-noticias-general"},"amp_enabled":true,"_links":{"self":[{"href":"https:\/\/www.todoeldia.com\/index.php\/wp-json\/wp\/v2\/posts\/18260","targetHints":{"allow":["GET"]}}],"collection":[{"href":"https:\/\/www.todoeldia.com\/index.php\/wp-json\/wp\/v2\/posts"}],"about":[{"href":"https:\/\/www.todoeldia.com\/index.php\/wp-json\/wp\/v2\/types\/post"}],"author":[{"embeddable":true,"href":"https:\/\/www.todoeldia.com\/index.php\/wp-json\/wp\/v2\/users\/2"}],"replies":[{"embeddable":true,"href":"https:\/\/www.todoeldia.com\/index.php\/wp-json\/wp\/v2\/comments?post=18260"}],"version-history":[{"count":1,"href":"https:\/\/www.todoeldia.com\/index.php\/wp-json\/wp\/v2\/posts\/18260\/revisions"}],"predecessor-version":[{"id":18262,"href":"https:\/\/www.todoeldia.com\/index.php\/wp-json\/wp\/v2\/posts\/18260\/revisions\/18262"}],"wp:featuredmedia":[{"embeddable":true,"href":"https:\/\/www.todoeldia.com\/index.php\/wp-json\/wp\/v2\/media\/18261"}],"wp:attachment":[{"href":"https:\/\/www.todoeldia.com\/index.php\/wp-json\/wp\/v2\/media?parent=18260"}],"wp:term":[{"taxonomy":"category","embeddable":true,"href":"https:\/\/www.todoeldia.com\/index.php\/wp-json\/wp\/v2\/categories?post=18260"},{"taxonomy":"post_tag","embeddable":true,"href":"https:\/\/www.todoeldia.com\/index.php\/wp-json\/wp\/v2\/tags?post=18260"}],"curies":[{"name":"wp","href":"https:\/\/api.w.org\/{rel}","templated":true}]}}