{"id":18320,"date":"2021-03-04T17:40:40","date_gmt":"2021-03-04T20:40:40","guid":{"rendered":"https:\/\/www.todoeldia.com\/?p=18320"},"modified":"2021-03-04T17:40:41","modified_gmt":"2021-03-04T20:40:41","slug":"15-anos-de-carcel-dejo-embarazada-a-su-hija-menor-que-solicito-un-aborto","status":"publish","type":"post","link":"https:\/\/www.todoeldia.com\/index.php\/2021\/03\/04\/15-anos-de-carcel-dejo-embarazada-a-su-hija-menor-que-solicito-un-aborto\/","title":{"rendered":"15 a\u00f1os de c\u00e1rcel: dejo embarazada a su hija menor que solicit\u00f3 un aborto"},"content":{"rendered":"\n<p>Un hombre de 36 a\u00f1os fue condenado como autor del delito de abuso sexual con acceso carnal agravado por el v\u00ednculo y por la situaci\u00f3n de convivencia preexistente con la menor v\u00edctima. El hecho ocurri\u00f3 en la localidad de El Quebrachal.<\/p>\n\n\n\n<p>El juez Ram\u00f3n Haddad, vocal de la Sala II del Tribunal de Juicio de Met\u00e1n, le impuso la pena de quince a\u00f1os de prisi\u00f3n de ejecuci\u00f3n efectiva. Tambi\u00e9n fue inhabilitado de manera absoluta por el tiempo de la condena.<\/p>\n\n\n\n<p>El hombre continuar\u00e1 detenido en la Unidad Carcelaria 2 de ese distrito.<\/p>\n\n\n\n<p>Una vez firme la sentencia, se extraer\u00e1 material gen\u00e9tico del condenado por el Servicio de Biolog\u00eda Molecular del Departamento T\u00e9cnico del Cuerpo de Investigaciones Fiscales, y su posterior inscripci\u00f3n en los Bancos de Datos Gen\u00e9ticos previa asignaci\u00f3n del Dato \u00danico de Identificaci\u00f3n Gen\u00e9tica (DUIG).<\/p>\n\n\n\n<p>En ese sentido, el Servicio M\u00e9dico del Poder Judicial, circunscripci\u00f3n Met\u00e1n, practicar\u00e1 un informe f\u00edsico de la persona condenada, constatando las se\u00f1as particulares que permitan la identificaci\u00f3n integral.<\/p>\n\n\n\n<p>El condenado es padre de la v\u00edctima. A ra\u00edz del hecho, la menor qued\u00f3 embarazada y solicit\u00f3 que se le practique el aborto, por lo que desde el juzgado actuante tramit\u00f3 la Interrupci\u00f3n Voluntaria del Embarazo.<\/p>\n","protected":false},"excerpt":{"rendered":"<p>Un hombre de 36 a\u00f1os fue condenado como autor del delito de abuso sexual con acceso carnal agravado por el v\u00ednculo y por la situaci\u00f3n de convivencia preexistente con la menor v\u00edctima. El hecho ocurri\u00f3 en la localidad de El Quebrachal. El juez Ram\u00f3n Haddad, vocal de la Sala II del Tribunal de Juicio de [&hellip;]<\/p>\n","protected":false},"author":2,"featured_media":18322,"comment_status":"open","ping_status":"open","sticky":false,"template":"","format":"standard","meta":{"tdm_status":"","tdm_grid_status":"","_joinchat":[],"footnotes":""},"categories":[73],"tags":[],"class_list":{"0":"post-18320","1":"post","2":"type-post","3":"status-publish","4":"format-standard","5":"has-post-thumbnail","7":"category-noticias-general"},"amp_enabled":true,"_links":{"self":[{"href":"https:\/\/www.todoeldia.com\/index.php\/wp-json\/wp\/v2\/posts\/18320","targetHints":{"allow":["GET"]}}],"collection":[{"href":"https:\/\/www.todoeldia.com\/index.php\/wp-json\/wp\/v2\/posts"}],"about":[{"href":"https:\/\/www.todoeldia.com\/index.php\/wp-json\/wp\/v2\/types\/post"}],"author":[{"embeddable":true,"href":"https:\/\/www.todoeldia.com\/index.php\/wp-json\/wp\/v2\/users\/2"}],"replies":[{"embeddable":true,"href":"https:\/\/www.todoeldia.com\/index.php\/wp-json\/wp\/v2\/comments?post=18320"}],"version-history":[{"count":1,"href":"https:\/\/www.todoeldia.com\/index.php\/wp-json\/wp\/v2\/posts\/18320\/revisions"}],"predecessor-version":[{"id":18323,"href":"https:\/\/www.todoeldia.com\/index.php\/wp-json\/wp\/v2\/posts\/18320\/revisions\/18323"}],"wp:featuredmedia":[{"embeddable":true,"href":"https:\/\/www.todoeldia.com\/index.php\/wp-json\/wp\/v2\/media\/18322"}],"wp:attachment":[{"href":"https:\/\/www.todoeldia.com\/index.php\/wp-json\/wp\/v2\/media?parent=18320"}],"wp:term":[{"taxonomy":"category","embeddable":true,"href":"https:\/\/www.todoeldia.com\/index.php\/wp-json\/wp\/v2\/categories?post=18320"},{"taxonomy":"post_tag","embeddable":true,"href":"https:\/\/www.todoeldia.com\/index.php\/wp-json\/wp\/v2\/tags?post=18320"}],"curies":[{"name":"wp","href":"https:\/\/api.w.org\/{rel}","templated":true}]}}