{"id":18324,"date":"2021-03-04T17:45:36","date_gmt":"2021-03-04T20:45:36","guid":{"rendered":"https:\/\/www.todoeldia.com\/?p=18324"},"modified":"2021-03-04T20:37:15","modified_gmt":"2021-03-04T23:37:15","slug":"detienen-a-dos-personas-relacionadas-con-la-desaparicion-de-cristian-ivan-juarez-inigo","status":"publish","type":"post","link":"https:\/\/www.todoeldia.com\/index.php\/2021\/03\/04\/detienen-a-dos-personas-relacionadas-con-la-desaparicion-de-cristian-ivan-juarez-inigo\/","title":{"rendered":"Caso Ju\u00e1rez I\u00f1igo: dos detenidos por su desaparici\u00f3n y hallaron un cuerpo"},"content":{"rendered":"\n<p>Este jueves, la Unidad Fiscal que se constituy\u00f3 para investigar la desaparici\u00f3n del hombre de 25 a\u00f1os, inform\u00f3 que hay dos personas detenidas y que se produjo el hallazgo de un cuerpo, que deber\u00e1 ser identificado.<\/p>\n\n\n\n<figure class=\"wp-block-image\"><img decoding=\"async\" src=\"http:\/\/prensapolsal.gob.ar\/images\/partes\/Imagenes2015\/Abril\/CAUSA_JUAREZ_IIGO.jpeg\" alt=\"\"\/><\/figure>\n\n\n\n<figure class=\"wp-block-image size-large is-resized\"><img loading=\"lazy\" decoding=\"async\" src=\"https:\/\/www.todoeldia.com\/wp-content\/uploads\/2021\/03\/caso-inigo-detenido-768x1024.jpeg\" alt=\"\" class=\"wp-image-18358\" width=\"1050\" height=\"1407\"\/><\/figure>\n\n\n\n<p>Los fiscales penales de la Unidad de Graves Atentados contra las Personas, Claudia Carreras y Gustavo Torres Rubelt, informaron que en el marco de la investigaci\u00f3n que llevan adelante por la desaparici\u00f3n de Cristian Iv\u00e1n Ju\u00e1rez I\u00f1igo, se produjo la detenci\u00f3n de dos personas vinculadas al hecho en el Norte de la provincia, quienes ser\u00e1n imputados en las pr\u00f3ximas horas.<\/p>\n\n\n\n<figure class=\"wp-block-image size-large\"><img loading=\"lazy\" decoding=\"async\" width=\"722\" height=\"990\" src=\"https:\/\/www.todoeldia.com\/wp-content\/uploads\/2021\/03\/Juarez-Inigo-219x300-1-3.jpg\" alt=\"\" class=\"wp-image-18340\" srcset=\"https:\/\/www.todoeldia.com\/wp-content\/uploads\/2021\/03\/Juarez-Inigo-219x300-1-3.jpg 722w, https:\/\/www.todoeldia.com\/wp-content\/uploads\/2021\/03\/Juarez-Inigo-219x300-1-3-219x300.jpg 219w, https:\/\/www.todoeldia.com\/wp-content\/uploads\/2021\/03\/Juarez-Inigo-219x300-1-3-300x411.jpg 300w, https:\/\/www.todoeldia.com\/wp-content\/uploads\/2021\/03\/Juarez-Inigo-219x300-1-3-696x954.jpg 696w, https:\/\/www.todoeldia.com\/wp-content\/uploads\/2021\/03\/Juarez-Inigo-219x300-1-3-306x420.jpg 306w\" sizes=\"auto, (max-width: 722px) 100vw, 722px\" \/><\/figure>\n\n\n\n<p>Carreras y Torres Rubelt, a partir del seguimiento de una l\u00ednea de investigaci\u00f3n, comunicaron adem\u00e1s el hallazgo de un cuerpo sin vida, que deber\u00e1 ser identificado fehacientemente.<\/p>\n\n\n\n<p>Cabe destacar que ambos fiscales, a partir del hallazgo del autom\u00f3vil incinerado del desaparecido en Pichanal, se abocaron en las \u00faltimas horas a intensas tareas de rastrillaje y b\u00fasqueda del desaparecido en distintos puntos y as\u00ed lograr el esclarecimiento del hecho.<\/p>\n\n\n\n<p>El cuerpo ser\u00e1 trasladado al Servicio de Tanatolog\u00eda Forense del CIF de Or\u00e1n, donde se realizar\u00e1 la autopsia y se proceder\u00e1 a su identificaci\u00f3n.<\/p>\n","protected":false},"excerpt":{"rendered":"<p>Este jueves, la Unidad Fiscal que se constituy\u00f3 para investigar la desaparici\u00f3n del hombre de 25 a\u00f1os, inform\u00f3 que hay dos personas detenidas y que se produjo el hallazgo de un cuerpo, que deber\u00e1 ser identificado. Los fiscales penales de la Unidad de Graves Atentados contra las Personas, Claudia Carreras y Gustavo Torres Rubelt, informaron [&hellip;]<\/p>\n","protected":false},"author":2,"featured_media":18339,"comment_status":"open","ping_status":"open","sticky":false,"template":"","format":"standard","meta":{"tdm_status":"","tdm_grid_status":"","_joinchat":[],"footnotes":""},"categories":[73],"tags":[],"class_list":{"0":"post-18324","1":"post","2":"type-post","3":"status-publish","4":"format-standard","5":"has-post-thumbnail","7":"category-noticias-general"},"amp_enabled":true,"_links":{"self":[{"href":"https:\/\/www.todoeldia.com\/index.php\/wp-json\/wp\/v2\/posts\/18324","targetHints":{"allow":["GET"]}}],"collection":[{"href":"https:\/\/www.todoeldia.com\/index.php\/wp-json\/wp\/v2\/posts"}],"about":[{"href":"https:\/\/www.todoeldia.com\/index.php\/wp-json\/wp\/v2\/types\/post"}],"author":[{"embeddable":true,"href":"https:\/\/www.todoeldia.com\/index.php\/wp-json\/wp\/v2\/users\/2"}],"replies":[{"embeddable":true,"href":"https:\/\/www.todoeldia.com\/index.php\/wp-json\/wp\/v2\/comments?post=18324"}],"version-history":[{"count":3,"href":"https:\/\/www.todoeldia.com\/index.php\/wp-json\/wp\/v2\/posts\/18324\/revisions"}],"predecessor-version":[{"id":18359,"href":"https:\/\/www.todoeldia.com\/index.php\/wp-json\/wp\/v2\/posts\/18324\/revisions\/18359"}],"wp:featuredmedia":[{"embeddable":true,"href":"https:\/\/www.todoeldia.com\/index.php\/wp-json\/wp\/v2\/media\/18339"}],"wp:attachment":[{"href":"https:\/\/www.todoeldia.com\/index.php\/wp-json\/wp\/v2\/media?parent=18324"}],"wp:term":[{"taxonomy":"category","embeddable":true,"href":"https:\/\/www.todoeldia.com\/index.php\/wp-json\/wp\/v2\/categories?post=18324"},{"taxonomy":"post_tag","embeddable":true,"href":"https:\/\/www.todoeldia.com\/index.php\/wp-json\/wp\/v2\/tags?post=18324"}],"curies":[{"name":"wp","href":"https:\/\/api.w.org\/{rel}","templated":true}]}}