{"id":18342,"date":"2021-03-04T18:29:51","date_gmt":"2021-03-04T21:29:51","guid":{"rendered":"https:\/\/www.todoeldia.com\/?p=18342"},"modified":"2021-03-04T18:29:52","modified_gmt":"2021-03-04T21:29:52","slug":"hay-una-curva-creciente-de-contagios-de-coronavirus-en-salta","status":"publish","type":"post","link":"https:\/\/www.todoeldia.com\/index.php\/2021\/03\/04\/hay-una-curva-creciente-de-contagios-de-coronavirus-en-salta\/","title":{"rendered":"Hay una curva creciente de contagios de coronavirus en Salta"},"content":{"rendered":"\n<p>Tras el aumento de casos de coronavirus en las \u00faltimas semanas, el Ministro de Salud P\u00fablica se reuni\u00f3 con gerentes de hospitales de la capital, referentes del SAMEC y de la Central Operativa de Control y Seguimiento de COVID-19 (COCS), para articular acciones sanitarias.<\/p>\n\n\n\n<p>Hoy, el ministro de Salud P\u00fablica, Juan Jos\u00e9 Esteban, mantuvo una reuni\u00f3n con directivos de los hospitales San Bernardo, Se\u00f1or del Milagro, Papa Francisco, O\u00f1ativia y Miguel Ragone. Adem\u00e1s, estuvieron presentes funcionarios del SAMEC y de la Central Operativa de Control y Seguimiento de COVID-19 (COCS).<\/p>\n\n\n\n<p>Durante el encuentro, la directora general de la Coordinaci\u00f3n Epidemiol\u00f3gica, Anal\u00eda Acevedo expuso la situaci\u00f3n epidemiol\u00f3gica actual de la provincia respecto a COVID-19.<\/p>\n\n\n\n<p>\u201cActualmente nos encontramos con una curva epidemiol\u00f3gica similar a la del 15 de agosto del 2020, lo que significa una curva creciente de contagios\u201d, afirm\u00f3 la funcionaria\u201d.<\/p>\n\n\n\n<p>Al respecto, las autoridades de salud manifestaron la importancia de coordinar acciones mancomunadamente entre los hospitales y el Nivel Central, tales como la disponibilidad de camas en cada nosocomio, las derivaciones de los pacientes con el SAMEC y la atenci\u00f3n m\u00e9dica en cada instituci\u00f3n sanitaria.<\/p>\n\n\n\n<p>En este marco, el ministro Esteban expres\u00f3 que \u201cdebemos estar atentos a la evoluci\u00f3n de la situaci\u00f3n y, una vez m\u00e1s, apelar a la conciencia de la poblaci\u00f3n, que acompa\u00f1e el esfuerzo del equipo sanitario observando las medidas de prevenci\u00f3n para evitar efectos no deseados\u201d.<\/p>\n\n\n\n<p>De la reuni\u00f3n adem\u00e1s participaron la secretaria de Gesti\u00f3n Administrativa, Marcela Tula; la subsecretaria de Gesti\u00f3n de Salud, Silvia Cardozo; el coordinador general de la COCS, Victor Ola Castro; la jefa del programa de Inmunizaciones, Adriana Jure, entre otras autoridades.<\/p>\n","protected":false},"excerpt":{"rendered":"<p>Tras el aumento de casos de coronavirus en las \u00faltimas semanas, el Ministro de Salud P\u00fablica se reuni\u00f3 con gerentes de hospitales de la capital, referentes del SAMEC y de la Central Operativa de Control y Seguimiento de COVID-19 (COCS), para articular acciones sanitarias. Hoy, el ministro de Salud P\u00fablica, Juan Jos\u00e9 Esteban, mantuvo una [&hellip;]<\/p>\n","protected":false},"author":2,"featured_media":18343,"comment_status":"open","ping_status":"open","sticky":false,"template":"","format":"standard","meta":{"tdm_status":"","tdm_grid_status":"","_joinchat":[],"footnotes":""},"categories":[65],"tags":[],"class_list":{"0":"post-18342","1":"post","2":"type-post","3":"status-publish","4":"format-standard","5":"has-post-thumbnail","7":"category-coronavirus"},"amp_enabled":true,"_links":{"self":[{"href":"https:\/\/www.todoeldia.com\/index.php\/wp-json\/wp\/v2\/posts\/18342","targetHints":{"allow":["GET"]}}],"collection":[{"href":"https:\/\/www.todoeldia.com\/index.php\/wp-json\/wp\/v2\/posts"}],"about":[{"href":"https:\/\/www.todoeldia.com\/index.php\/wp-json\/wp\/v2\/types\/post"}],"author":[{"embeddable":true,"href":"https:\/\/www.todoeldia.com\/index.php\/wp-json\/wp\/v2\/users\/2"}],"replies":[{"embeddable":true,"href":"https:\/\/www.todoeldia.com\/index.php\/wp-json\/wp\/v2\/comments?post=18342"}],"version-history":[{"count":1,"href":"https:\/\/www.todoeldia.com\/index.php\/wp-json\/wp\/v2\/posts\/18342\/revisions"}],"predecessor-version":[{"id":18344,"href":"https:\/\/www.todoeldia.com\/index.php\/wp-json\/wp\/v2\/posts\/18342\/revisions\/18344"}],"wp:featuredmedia":[{"embeddable":true,"href":"https:\/\/www.todoeldia.com\/index.php\/wp-json\/wp\/v2\/media\/18343"}],"wp:attachment":[{"href":"https:\/\/www.todoeldia.com\/index.php\/wp-json\/wp\/v2\/media?parent=18342"}],"wp:term":[{"taxonomy":"category","embeddable":true,"href":"https:\/\/www.todoeldia.com\/index.php\/wp-json\/wp\/v2\/categories?post=18342"},{"taxonomy":"post_tag","embeddable":true,"href":"https:\/\/www.todoeldia.com\/index.php\/wp-json\/wp\/v2\/tags?post=18342"}],"curies":[{"name":"wp","href":"https:\/\/api.w.org\/{rel}","templated":true}]}}