{"id":18391,"date":"2021-03-05T10:53:10","date_gmt":"2021-03-05T13:53:10","guid":{"rendered":"https:\/\/www.todoeldia.com\/?p=18391"},"modified":"2021-03-05T10:53:11","modified_gmt":"2021-03-05T13:53:11","slug":"el-papa-francisco-aterrizo-en-bagdad-en-su-primer-viaje-desde-que-comenzo-la-pandemia-del-coronavirus","status":"publish","type":"post","link":"https:\/\/www.todoeldia.com\/index.php\/2021\/03\/05\/el-papa-francisco-aterrizo-en-bagdad-en-su-primer-viaje-desde-que-comenzo-la-pandemia-del-coronavirus\/","title":{"rendered":"El Papa Francisco aterriz\u00f3 en Bagdad en su primer viaje desde que comenz\u00f3 la pandemia del coronavirus"},"content":{"rendered":"\n<p>El Papa Francisco aterriz\u00f3 hace minutos en Irak en lo que es la primera vez en la historia que el Sumo Pont\u00edfice visita dicho pa\u00eds. El avi\u00f3n que los trasladada aterriz\u00f3 reci\u00e9n en Bagdad, la capital de Irak, en lo que adem\u00e1s es el primer viaje que hace Francisco desde que comenz\u00f3 la pandemia del coronavirus (Covid-19).<\/p>\n\n\n\n<p>&#8220;Estoy contento de retomar los viajes&#8221; despu\u00e9s de 15 meses sin realizar desplazamientos, dijo Francisco en el avi\u00f3n al salir de Roma. Al pie d ela aeronave lo esperaba en Bagdad el primer ministro iraqu\u00ed, Mustafah Al Kadhemi. &#8220;Este viaje emblem\u00e1tico es tambi\u00e9n un deber hacia esta tierra m\u00e1rtir desde hace tantos a\u00f1os&#8221;, agreg\u00f3 el papa argentino antes de aterrizar.<\/p>\n\n\n\n<p>El avi\u00f3n del Sumo Pont\u00edfice despeg\u00f3 en la madrugada del viernes de Fiumicino, el principal aeropuerto de Roma. Francisco, de 84 a\u00f1os, asegur\u00f3 que realizar\u00e1 esta primera visita de un Papa a Irak como &#8220;peregrino de la paz.&#8221; Asimismo, dijo que tender\u00e1 la mano a los musulmanes chiitas en un encuentro con el gran ayatol\u00e1 Al\u00ed Sistani, la m\u00e1xima autoridad religiosa&nbsp; de esta rama del islam.<\/p>\n\n\n\n<p>Durante esta visita de tres d\u00edas por varias ciudades, el Papa se encontrar\u00e1 con poca gentepara recibirlo, debido a un confinamiento total decretado en el pa\u00eds, donde el n\u00famero de casos ha batido esta semana un r\u00e9cord desde el inicio de la pandemia, con m\u00e1s de 5.000 contagiados diarios.<\/p>\n\n\n\n<p>El jefe de los 1.300 millones de cat\u00f3licos del mundo, que ha dicho sentirse &#8220;enjaulado&#8221; en los \u00faltimos meses en un Vaticano a c\u00e1mara lenta por la pandemia, iniciar\u00e1 en veh\u00edculo blindado un viaje sin gente, &#8220;virtual&#8221; para los iraqu\u00edes que lo seguir\u00e1n por televisi\u00f3n, y principalmente por aire. El helic\u00f3ptero o el avi\u00f3n papal sobrevolar\u00e1 a veces zonas donde se esconden todav\u00eda yihadistas del grupo Estado Isl\u00e1mico.<\/p>\n\n\n\n<p>En las etapas del viaje, se congregar\u00e1n solo unos centenares de personas, con excepci\u00f3n de la misa del domingo en el estadio de Erbil, en el Kurdist\u00e1n, en la que participar\u00e1n varios miles de fieles que han reservado su plaza con antelaci\u00f3n. El programa papal es ambicioso e incluye Bagdad, Nayaf, Ur, Erbil, Mosul y Qaraqosh. Recorrer\u00e1 1.445 km en un pa\u00eds que hace solo dos d\u00edas fue golpeado por disparos de cohetes, \u00faltimo episodio de las tensiones irano-estadounidenses que siguen latentes en Irak.<\/p>\n\n\n\n<p>Este primer viaje al extranjero en quince meses permitir\u00e1 al Papa ir al encuentro de una peque\u00f1a comunidad de fieles en las &#8220;periferias&#8221; del planeta, que es lo que m\u00e1s le gusta. Como siempre hace, Francisco empezar\u00e1 con un discurso ante los dirigentes iraqu\u00edes. M\u00e1s all\u00e1 de las dificultades de seguridad o econ\u00f3micas que sufren los 40 millones de iraqu\u00edes, hablar\u00e1n sin duda del traumatismo adicional de los cristianos.<\/p>\n","protected":false},"excerpt":{"rendered":"<p>El Papa Francisco aterriz\u00f3 hace minutos en Irak en lo que es la primera vez en la historia que el Sumo Pont\u00edfice visita dicho pa\u00eds. El avi\u00f3n que los trasladada aterriz\u00f3 reci\u00e9n en Bagdad, la capital de Irak, en lo que adem\u00e1s es el primer viaje que hace Francisco desde que comenz\u00f3 la pandemia del [&hellip;]<\/p>\n","protected":false},"author":2,"featured_media":18392,"comment_status":"open","ping_status":"open","sticky":false,"template":"","format":"standard","meta":{"tdm_status":"","tdm_grid_status":"","_joinchat":[],"footnotes":""},"categories":[73],"tags":[],"class_list":{"0":"post-18391","1":"post","2":"type-post","3":"status-publish","4":"format-standard","5":"has-post-thumbnail","7":"category-noticias-general"},"amp_enabled":true,"_links":{"self":[{"href":"https:\/\/www.todoeldia.com\/index.php\/wp-json\/wp\/v2\/posts\/18391","targetHints":{"allow":["GET"]}}],"collection":[{"href":"https:\/\/www.todoeldia.com\/index.php\/wp-json\/wp\/v2\/posts"}],"about":[{"href":"https:\/\/www.todoeldia.com\/index.php\/wp-json\/wp\/v2\/types\/post"}],"author":[{"embeddable":true,"href":"https:\/\/www.todoeldia.com\/index.php\/wp-json\/wp\/v2\/users\/2"}],"replies":[{"embeddable":true,"href":"https:\/\/www.todoeldia.com\/index.php\/wp-json\/wp\/v2\/comments?post=18391"}],"version-history":[{"count":1,"href":"https:\/\/www.todoeldia.com\/index.php\/wp-json\/wp\/v2\/posts\/18391\/revisions"}],"predecessor-version":[{"id":18393,"href":"https:\/\/www.todoeldia.com\/index.php\/wp-json\/wp\/v2\/posts\/18391\/revisions\/18393"}],"wp:featuredmedia":[{"embeddable":true,"href":"https:\/\/www.todoeldia.com\/index.php\/wp-json\/wp\/v2\/media\/18392"}],"wp:attachment":[{"href":"https:\/\/www.todoeldia.com\/index.php\/wp-json\/wp\/v2\/media?parent=18391"}],"wp:term":[{"taxonomy":"category","embeddable":true,"href":"https:\/\/www.todoeldia.com\/index.php\/wp-json\/wp\/v2\/categories?post=18391"},{"taxonomy":"post_tag","embeddable":true,"href":"https:\/\/www.todoeldia.com\/index.php\/wp-json\/wp\/v2\/tags?post=18391"}],"curies":[{"name":"wp","href":"https:\/\/api.w.org\/{rel}","templated":true}]}}