{"id":18400,"date":"2021-03-05T11:15:59","date_gmt":"2021-03-05T14:15:59","guid":{"rendered":"https:\/\/www.todoeldia.com\/?p=18400"},"modified":"2021-03-05T11:16:00","modified_gmt":"2021-03-05T14:16:00","slug":"de-profesora-a-mama-se-entero-de-que-su-alumna-de-16-anos-habia-vuelto-al-hogar-de-menores-y-decidio-adoptarla","status":"publish","type":"post","link":"https:\/\/www.todoeldia.com\/index.php\/2021\/03\/05\/de-profesora-a-mama-se-entero-de-que-su-alumna-de-16-anos-habia-vuelto-al-hogar-de-menores-y-decidio-adoptarla\/","title":{"rendered":"De profesora a mam\u00e1: se enter\u00f3 de que su alumna de 16 a\u00f1os hab\u00eda vuelto al hogar de menores y decidi\u00f3 adoptarla"},"content":{"rendered":"\n<p>No hay tiempos para el amor ni una sola manera de convertirse en padres, eso es lo que demuestra la historia de Miriam y N\u00e9stor que se conocieron en noviembre de 2010 y en diciembre de ese mismo a\u00f1o decidieron casarse. \u00c9l viv\u00eda solo en San Andr\u00e9s de Giles, hasta que ella dej\u00f3 su vida en J\u00e1uregui y se mud\u00f3 para all\u00e1. En julio de 2011 dieron el \u201cs\u00ed\u201d y comenzaron a so\u00f1ar con ver correr ni\u00f1os por el campo.<\/p>\n\n\n\n<p>&nbsp;\u201cEn 2009 se hab\u00eda muerto el pap\u00e1 de N\u00e9stor y, el m\u00edo falleci\u00f3 unos meses antes de casarnos, en 2011. Creo que un poco nos curamos las heridas juntos. \u00c9l me cont\u00f3 que hab\u00eda crecido all\u00ed y que quer\u00eda formar una familia y decid\u00ed irme para all\u00e1 para ejercer mi profesi\u00f3n de docente en una escuela de la zona\u201d, explica Miriam a Somos Familia.<\/p>\n\n\n\n<p>Ella ten\u00eda un problema de fertilidad y, durante una consulta m\u00e9dica, un especialista advirti\u00f3 que iba a tener inevitablemente embarazos de riesgo. \u201cDecid\u00ed que este cuerpo no iba a traer hijos al mundo porque esa situaci\u00f3n no era tolerable para m\u00ed. En mi familia, tengo t\u00edos que fueron adoptados y con N\u00e9stor fuimos hablando sobre esa posibilidad. A \u00e9l le costaba un poco m\u00e1s hacerse a la idea, pero juntos empezamos a investigar\u201d.<\/p>\n\n\n\n<figure class=\"wp-block-image is-resized\"><img loading=\"lazy\" decoding=\"async\" src=\"https:\/\/artear-tn-prod.cdn.arcpublishing.com\/resizer\/a0Xoph9z91y8acCHqn16yRGFfHI=\/767x0\/smart\/filters:quality(60)\/cloudfront-us-east-1.images.arcpublishing.com\/artear\/3I6UQFSNW5CGDPSJTTFVQ5MKHY.jfif\" alt=\"\" width=\"1062\" height=\"2103\"\/><figcaption>Miriam y Camila: profesora y alumna, hoy madre e hija.\u00a0<\/figcaption><\/figure>\n\n\n\n<p>Los pap\u00e1s de N\u00e9stor lo hab\u00edan tenido de grandes y siempre los hab\u00eda sentido m\u00e1s abuelos que padres. Eso era algo que lo hac\u00eda replantearse, con el paso de los a\u00f1os, la posibilidad de tener hijos. \u201cMi l\u00edmite eran los 35 a\u00f1os, pero pasaron tambi\u00e9n los 36 y los 37. A los 40, me puse bastante pesimista con respecto a la humanidad, hasta que encontr\u00e9 a una persona maravillosa y empec\u00e9 a so\u00f1ar con tener mi propia familia\u201d.<\/p>\n\n\n\n<p>Para \u00e9l, desde un principio, la prioridad siempre fue ella y si tener un beb\u00e9 implicaba alg\u00fan riesgo para su salud, prefer\u00eda vivir toda la vida sin hijos. \u201cSobre la adopci\u00f3n, nunca lo hab\u00eda pensado. Despu\u00e9s siguieron pasando los a\u00f1os, ten\u00eda 41, 42, 43, 44 y a los 45 un d\u00eda me levant\u00e9 y la mir\u00e9 a Miriam. Le dije que ten\u00edamos que hacerlo: \u2018vamos para adelante\u2019\u201d.<\/p>\n\n\n\n<p>De los tr\u00e1mites a la llegada de un nuevo amor<\/p>\n\n\n\n<figure class=\"wp-block-image is-resized\"><img loading=\"lazy\" decoding=\"async\" src=\"https:\/\/artear-tn-prod.cdn.arcpublishing.com\/resizer\/eoW0aGMsyUcCMHqq0B8h5iq2aFA=\/767x0\/smart\/filters:quality(60)\/cloudfront-us-east-1.images.arcpublishing.com\/artear\/XDJV4TTVRJB7HPLGLD5UW4TOOY.jfif\" alt=\"\" width=\"1054\" height=\"798\"\/><figcaption>Ian, Cami y Lolo disfrutando de unas vacaciones en la playa<\/figcaption><\/figure>\n\n\n\n<p>Despu\u00e9s de mucho charlarlo, a fines de 2016, tomaron la decisi\u00f3n tras participar de una charla sobre familias por adopci\u00f3n. \u201cEso fue en diciembre, lo hablamos un poco m\u00e1s y decidimos que no quer\u00edamos adoptar beb\u00e9s porque ya \u00e9ramos grandes, ten\u00edamos determinadas ocupaciones, una vida organizada de una manera y m\u00e1s que nada, hab\u00edamos acompa\u00f1ado la crianza de nuestros ahijados que tienen la edad de nuestros hijos y eso nos daba la pauta de que nos gustaba estar con chicos m\u00e1s grandes\u201d.<\/p>\n\n\n\n<p>Miriam destaca que fue duro ir con el deseo puro y encontrarse con la burocracia del formulario. \u201cNos fuimos asesorando, no ten\u00edamos internet en casa as\u00ed que \u00edbamos varias veces al ciber a llenar los papeles\u201d.<\/p>\n\n\n\n<p>Como N\u00e9stor se ocupaba de las tareas del campo, decidieron poner, para no decir que era chacarero ni desocupado, que era amo de casa. \u201cLos chicos que vienen de institutos necesitan contenci\u00f3n y era buen\u00edsimo que \u00e9l estuviera presente. N\u00e9stor se ocupa de las vacas, la le\u00f1a, y muchas otras tareas propias que forman parte de una vida de casa de campo. Fue un acierto porque lo primero que nos dijeron fue \u2018qu\u00e9 lindo que pod\u00e9s dedicarte a los chicos que en su mayor\u00eda no vienen con esas im\u00e1genes de varones\u201d, recuerda Miriam.<\/p>\n\n\n\n<p>Desde que empezaron los tr\u00e1mites hasta que lleg\u00f3 el apto, pasaron menos de tres meses. \u201cLos primeros d\u00edas de junio nos vino a notificar la polic\u00eda y al otro d\u00eda, cuando N\u00e9stor me pasa a buscar por la escuela, me cuenta que hab\u00edan llamado del juzgado: hab\u00eda dos chicos, dos varones, de 7 y 8 a\u00f1os que estaban en situaci\u00f3n de adoptabilidad\u201d.<\/p>\n\n\n\n<p>Ambos recuerdan que hab\u00eda un acuerdo pautado: si estaba dentro de los par\u00e1metros de lo que hab\u00edan pensado con respecto a los chicos, iban a decir que s\u00ed. \u201cUno no elige a los hijos biol\u00f3gicos, tampoco a los que son por adopci\u00f3n\u201d.<\/p>\n\n\n\n<p>Si bien no esperaban que fuera tan pronto, aceptaron todo. \u201cNos mostraron las fotos de Ian y Lolo, nos contaron que estaban en un hogar en Navarro, antes hab\u00edan pasado por uno en Bragado. Tambi\u00e9n que hab\u00edan estado 8 meses con una familia y que la vinculaci\u00f3n no hab\u00eda funcionado. Nos explicaron que hab\u00edan retornado al hogar y que buscaban una familia que tuviera mucho lugar para jugar, que hac\u00eda falta mucho amor y disciplina\u201d.<\/p>\n\n\n\n<p>Tambi\u00e9n destacan que el d\u00eda en que los conocieron Ian, el mayor, les dijo que eran la tercera familia. \u201cNos cont\u00f3 que las otras personas con las que hab\u00edan vivido les pegaban as\u00ed que hicimos el pacto de que nosotros nunca les \u00edbamos a pegar y cumplimos. De ah\u00ed no nos separamos m\u00e1s\u201d, afirma Miriam.<\/p>\n\n\n\n<p>Despu\u00e9s de las vacaciones de 2017, finalmente los chicos fueron a vivir con N\u00e9stor y Miriam a la casa. \u201cEstaban contentos porque se quer\u00edan ir del hogar. Al d\u00eda siguiente empezaron a concurrir a la escuela\u201d.<\/p>\n\n\n\n<p>Los dos reconocen que fue duro al principio. Con los chicos se peleaban bastante porque l\u00f3gicamente, se estaban conociendo, estaban aprendiendo a convivir juntos. \u201cNosotros nunca hab\u00edamos tenido ni\u00f1os y ellos padres que les dijeran que eran su familia para siempre. A veces se enojaban y Ian nos dec\u00eda &#8216; voy a pedir otra familia\u2019 y yo le explicaba que tambi\u00e9n la amenazaba a mi mam\u00e1 de chica con que iba a irme, pero que esta familia era para siempre\u201d.<\/p>\n\n\n\n<p>N\u00e9stor quiere dejar en claro que despu\u00e9s de cada rabieta o discusi\u00f3n, los cuatro salieron m\u00e1s fortalecidos, m\u00e1s unidos. \u201cCuando ya nos hab\u00edamos acostumbrado y parec\u00eda que nos hab\u00edamos acomodando, conocimos a Camila\u201d.<\/p>\n\n\n\n<p>Cami era alumna de Miriam en la Escuela Media n\u00famero 2 Fray Mamerto Esqui\u00fa donde da clases de nivel secundario y terciario. \u201cEra muy t\u00edmida, se sentaba en el fondo contra la pared. Si no la obligaba a trabajar en grupo no lo hac\u00eda. No ten\u00edamos mucho v\u00ednculo y en un momento empez\u00f3 a faltar. Le pregunt\u00e9 a la preceptora y me cont\u00f3 que viv\u00eda en un hogar\u201d.<\/p>\n\n\n\n<p>En ese momento, Miriam se enter\u00f3 de que hab\u00eda tenido una vinculaci\u00f3n fallida con unos pretensos adoptantes que, por diversos motivos, decidieron no llevarla con ellos a convivir. \u201cMe encontr\u00e9 con una chica que viv\u00eda con ella en el hogar y le ped\u00ed que le dijera que \u201cla vieja de lenguaje la extra\u00f1a y la quiere ver\u2019. Al otro d\u00eda vino, me cont\u00f3 que hab\u00eda tenido una audiencia con la jueza y que le iban a buscar referentes afectivos\u201d.<\/p>\n\n\n\n<p>Miriam le cont\u00f3 a N\u00e9stor su deseo de que fueran ellos los referentes afectivos de Camila. \u00c9l solo pensaba en lo que iba a sufrir si despu\u00e9s de encari\u00f1arse con la adolescente, por fuerza mayor, se decid\u00eda que se terminara el v\u00ednculo. Sin embargo, coincidieron en que deb\u00edan presentarse ante la justicia para ser ellos esa figura en la vida de la chica.<\/p>\n\n\n\n<p>\u201cHab\u00edan largado la convocatoria p\u00fablica, pero no se hab\u00eda publicado y como nosotros est\u00e1bamos ya en los registros de los juzgados, al ya estar evaluados fue mucho mas f\u00e1cil. Cami ten\u00eda 16 a\u00f1os y, como su situaci\u00f3n con la familia con la que se hab\u00eda vinculado anteriormente no funcion\u00f3, era una situaci\u00f3n muy similar a la que hab\u00edan atravesado mis otros dos hijos\u201d.<\/p>\n\n\n\n<p>Miriam explica que ni bien supo por lo que hab\u00eda pasado se le estruj\u00f3 el coraz\u00f3n y que no hubo vuelta atr\u00e1s. \u201cYo s\u00e9 cuando alguien va a encajar en mi familia. Le dije a N\u00e9stor que era rebuenita y que quer\u00eda que la ayud\u00e1ramos. Cuando Cami se enter\u00f3 de que quer\u00edamos recibirla en casa los fines de semana y acompa\u00f1arla, ella, muy arriesgada, enseguida se quiso ir del hogar\u201d.<\/p>\n\n\n\n<p>Con N\u00e9stor hab\u00edan pensado en una primera salida a comer y que -con tiempo- llegara el momento de ir a la casa. \u201cLe advert\u00ed que iban a estar mi marido y los chicos y no le import\u00f3 nada, la primera salida fue todo el finde a casa\u201d, explica Miriam entre risas.<\/p>\n\n\n\n<p>Camila iba los fines de semana y se ve\u00edan durante la semana pero el 21 de septiembre fue un punto de inflexi\u00f3n: \u201cElla estaba muy angustiada por situaciones del hogar y le dijimos: \u2018Basta Cami, todos viven situaciones parecidas en ese lugar\u2019. Estaba muy delgadita, porque de los nervios se le hac\u00eda un nudo en el est\u00f3mago\u201d.<\/p>\n\n\n\n<p>Pese a que todav\u00eda no estaba construida su habitaci\u00f3n y dorm\u00eda en un pasillo, pidieron autorizaci\u00f3n en el juzgado para que se quedara a dormir y en diciembre de 2019 firmaron la guarda. \u201cLa jueza le pregunt\u00f3 si quer\u00eda que la adopt\u00e1ramos y ah\u00ed lo empez\u00f3 a pensar. Para nosotros ya estaba, pero era su decisi\u00f3n\u201d.<\/p>\n\n\n\n<p>En marzo se declar\u00f3 la pandemia y para el invierno se cumplieron los seis mese. La jueza le pregunt\u00f3 si quer\u00eda que renovaran la guarda o ir por la adopci\u00f3n. \u201cLe propusimos ser parte de esta familia loca. Nosotros sabemos que tienen sus familias de origen que los quieren, que por alg\u00fan motivo no pudieron vivir con ellos, pero se revincularon, Cami con su pap\u00e1 y sus hermanos. Cuantas m\u00e1s personas loa quieren en la vida, mejor, nosotros creemos eso\u201d.<\/p>\n\n\n\n<p>En pandemia sali\u00f3 la sentencia<\/p>\n\n\n\n<p>La adolescente decidi\u00f3 sacarse un segundo nombre y a su apellido de origen anexarse el de N\u00e9stor. \u201cPor ley solo se puede tener dos apellidos, sino se hubiera puesto el m\u00edo, obvio\u201d, bromea Miriam.<\/p>\n\n\n\n<p>Frente a la jueza de familia, Camila tuvo que decir \u201cs\u00ed quiero\u201d, y en noviembre la sentencia qued\u00f3 firme y lleg\u00f3 el nuevo documento de Camila que en febrero cumpli\u00f3 18 a\u00f1os. \u201cNo imagin\u00e1bamos en un principio adoptar a un ni\u00f1o tan grande, se dio. Despu\u00e9s de la experiencia con los nenes y de ser docente en escuela secundaria, al enterarme de la situaci\u00f3n le pregunt\u00e9 a los chicos y Ian me contest\u00f3 \u2018A los nenes m\u00e1s grandes no los adopta nadie, si no la ayudamos nosotros se va a quedar en el hogar\u2019\u201d.<\/p>\n\n\n\n<p>La familia hace chistes todo el tiempo; N\u00e9stor afirma que al principio estaban recontentos y que ahora, los hermanos se pelean un poco. Por otro lado, sostiene: \u201cahora s\u00ed se cerr\u00f3\u201d, aunque enseguida advierte que no puede decirlo definitivamente. \u201cNo hay lugar en la camioneta, pero en la pieza que construimos para Camila podr\u00eda ir una cama m\u00e1s aunque ella no est\u00e9 muy de acuerdo\u201d.<\/p>\n\n\n\n<p>Formar una familia<\/p>\n\n\n\n<p>Hoy como madre de tres, Miriam se toma un minuto para pensar el mensaje que quiere transmitir con su historia, esa que tambi\u00e9n comparte en las redes sociales a trav\u00e9s de su p\u00e1gina \u201cSe me secaron hasta las plantas\u201d. \u201cNo es dif\u00edcil adoptar, el punto es interrogarse con qui\u00e9n se quiere formar familia, porque podemos formarla con personas de cualquier edad. Si bien, no est\u00e1 mal querer hacerlo con un beb\u00e9, habiendo chicos y adolescentes que tanto lo necesitan, habr\u00eda que replante\u00e1rselo y entender que si uno tiene el deseo, la capacidad evaluada y la honestidad de aceptar al otro en todas sus facetas tambi\u00e9n va a poder adoptar a un chico grande\u201d.<\/p>\n\n\n\n<p>\u201cLa mayor\u00eda de los chicos que est\u00e1n en estado de adoptabilidad tienen m\u00e1s de 8 a\u00f1os por eso, hay que pensar en que si se abren las expectativas, seguramente no vas a comprar ropa de beb\u00e9, pero quiz\u00e1s en 10 o 15 a\u00f1os s\u00ed, pero para un nieto\u201d.<\/p>\n","protected":false},"excerpt":{"rendered":"<p>No hay tiempos para el amor ni una sola manera de convertirse en padres, eso es lo que demuestra la historia de Miriam y N\u00e9stor que se conocieron en noviembre de 2010 y en diciembre de ese mismo a\u00f1o decidieron casarse. \u00c9l viv\u00eda solo en San Andr\u00e9s de Giles, hasta que ella dej\u00f3 su vida [&hellip;]<\/p>\n","protected":false},"author":2,"featured_media":18401,"comment_status":"open","ping_status":"open","sticky":false,"template":"","format":"standard","meta":{"tdm_status":"","tdm_grid_status":"","_joinchat":[],"footnotes":""},"categories":[73,69],"tags":[],"class_list":{"0":"post-18400","1":"post","2":"type-post","3":"status-publish","4":"format-standard","5":"has-post-thumbnail","7":"category-noticias-general","8":"category-salta"},"amp_enabled":true,"_links":{"self":[{"href":"https:\/\/www.todoeldia.com\/index.php\/wp-json\/wp\/v2\/posts\/18400","targetHints":{"allow":["GET"]}}],"collection":[{"href":"https:\/\/www.todoeldia.com\/index.php\/wp-json\/wp\/v2\/posts"}],"about":[{"href":"https:\/\/www.todoeldia.com\/index.php\/wp-json\/wp\/v2\/types\/post"}],"author":[{"embeddable":true,"href":"https:\/\/www.todoeldia.com\/index.php\/wp-json\/wp\/v2\/users\/2"}],"replies":[{"embeddable":true,"href":"https:\/\/www.todoeldia.com\/index.php\/wp-json\/wp\/v2\/comments?post=18400"}],"version-history":[{"count":1,"href":"https:\/\/www.todoeldia.com\/index.php\/wp-json\/wp\/v2\/posts\/18400\/revisions"}],"predecessor-version":[{"id":18402,"href":"https:\/\/www.todoeldia.com\/index.php\/wp-json\/wp\/v2\/posts\/18400\/revisions\/18402"}],"wp:featuredmedia":[{"embeddable":true,"href":"https:\/\/www.todoeldia.com\/index.php\/wp-json\/wp\/v2\/media\/18401"}],"wp:attachment":[{"href":"https:\/\/www.todoeldia.com\/index.php\/wp-json\/wp\/v2\/media?parent=18400"}],"wp:term":[{"taxonomy":"category","embeddable":true,"href":"https:\/\/www.todoeldia.com\/index.php\/wp-json\/wp\/v2\/categories?post=18400"},{"taxonomy":"post_tag","embeddable":true,"href":"https:\/\/www.todoeldia.com\/index.php\/wp-json\/wp\/v2\/tags?post=18400"}],"curies":[{"name":"wp","href":"https:\/\/api.w.org\/{rel}","templated":true}]}}