{"id":18893,"date":"2021-03-12T09:35:48","date_gmt":"2021-03-12T12:35:48","guid":{"rendered":"https:\/\/www.todoeldia.com\/?p=18893"},"modified":"2021-03-12T09:35:49","modified_gmt":"2021-03-12T12:35:49","slug":"rescatan-a-saltenos-victimas-de-explotacion-laboral-en-san-juan","status":"publish","type":"post","link":"https:\/\/www.todoeldia.com\/index.php\/2021\/03\/12\/rescatan-a-saltenos-victimas-de-explotacion-laboral-en-san-juan\/","title":{"rendered":"Rescatan a salte\u00f1os v\u00edctimas de explotaci\u00f3n laboral en San Juan"},"content":{"rendered":"\n<p>Tras una denuncia, el Magistrado interviniente dispuso que los gendarmes investiguen y registren el lugar. Los funcionarios detectaron que en una finca conviv\u00edan 26 personas en condiciones de hacinamiento.<\/p>\n\n\n\n<p>Una mujer y dos hombres, quedaron detenidos.<\/p>\n\n\n\n<figure class=\"wp-block-image size-large\"><img loading=\"lazy\" decoding=\"async\" width=\"1024\" height=\"768\" src=\"https:\/\/www.todoeldia.com\/wp-content\/uploads\/2021\/03\/explotacion-laboral-1-1024x768.jpg\" alt=\"\" class=\"wp-image-18895\" srcset=\"https:\/\/www.todoeldia.com\/wp-content\/uploads\/2021\/03\/explotacion-laboral-1-1024x768.jpg 1024w, https:\/\/www.todoeldia.com\/wp-content\/uploads\/2021\/03\/explotacion-laboral-1-300x225.jpg 300w, https:\/\/www.todoeldia.com\/wp-content\/uploads\/2021\/03\/explotacion-laboral-1-768x576.jpg 768w, https:\/\/www.todoeldia.com\/wp-content\/uploads\/2021\/03\/explotacion-laboral-1-696x522.jpg 696w, https:\/\/www.todoeldia.com\/wp-content\/uploads\/2021\/03\/explotacion-laboral-1-560x420.jpg 560w, https:\/\/www.todoeldia.com\/wp-content\/uploads\/2021\/03\/explotacion-laboral-1-80x60.jpg 80w, https:\/\/www.todoeldia.com\/wp-content\/uploads\/2021\/03\/explotacion-laboral-1-265x198.jpg 265w, https:\/\/www.todoeldia.com\/wp-content\/uploads\/2021\/03\/explotacion-laboral-1.jpg 1040w\" sizes=\"auto, (max-width: 1024px) 100vw, 1024px\" \/><\/figure>\n\n\n\n<p>Ayer, efectivos de la Unidad de Investigaciones de Delitos Complejos y Procedimientos Judiciales \u201cSan Juan\u201d, en conjunto con integrantes del Escuadr\u00f3n N\u00facleo \u201cSan Juan\u201d dependientes de Agrupaci\u00f3n X rescataron a familias v\u00edctimas de explotaci\u00f3n laboral y trata de personas. Las mismas estaban en una finca ubicada frente a Villa Guell, en la localidad de Media Agua.<\/p>\n\n\n\n<p>A ra\u00edz de una denuncia que indicaba que ciudadanos (mayores de edad junto a menores) hab\u00edan sido trasladados en colectivo desde la provincia de Salta hacia San Juan, con la promesa de trabajar en la cosecha de aceitunas a cambio de una remuneraci\u00f3n. Al aceptar el trabajo y una vez en el lugar, fueron despojados de la documentaci\u00f3n personal y les modificaron las condiciones de remuneraci\u00f3n previstas. Al querer dejar sin efecto la propuesta laboral, les indicaron que deb\u00edan pagar primero la deuda contra\u00edda por el traslado.<\/p>\n\n\n\n<p>Orientados por el Juzgado interviniente, personal de la Fuerza inici\u00f3 tareas de investigaci\u00f3n en pos de constatar el delito de presunta explotaci\u00f3n laboral y trata de personas.<\/p>\n\n\n\n<figure class=\"wp-block-image size-large\"><img loading=\"lazy\" decoding=\"async\" width=\"768\" height=\"1024\" src=\"https:\/\/www.todoeldia.com\/wp-content\/uploads\/2021\/03\/explotacion-laboral-2-768x1024.jpg\" alt=\"\" class=\"wp-image-18896\" srcset=\"https:\/\/www.todoeldia.com\/wp-content\/uploads\/2021\/03\/explotacion-laboral-2-768x1024.jpg 768w, https:\/\/www.todoeldia.com\/wp-content\/uploads\/2021\/03\/explotacion-laboral-2-225x300.jpg 225w, https:\/\/www.todoeldia.com\/wp-content\/uploads\/2021\/03\/explotacion-laboral-2-300x400.jpg 300w, https:\/\/www.todoeldia.com\/wp-content\/uploads\/2021\/03\/explotacion-laboral-2-696x928.jpg 696w, https:\/\/www.todoeldia.com\/wp-content\/uploads\/2021\/03\/explotacion-laboral-2-315x420.jpg 315w, https:\/\/www.todoeldia.com\/wp-content\/uploads\/2021\/03\/explotacion-laboral-2.jpg 960w\" sizes=\"auto, (max-width: 768px) 100vw, 768px\" \/><\/figure>\n\n\n\n<p>En la finca hab\u00eda 26 personas alojadas en condiciones de vulnerabilidad. Adem\u00e1s, estaba el transporte en el que hab\u00edan sido trasladados desde Salta hasta San Juan.<\/p>\n\n\n\n<p>Tres ciudadanos involucrados fueron detenidos, una mujer y dos hombres, en infracci\u00f3n a la Ley 26.842 (explotaci\u00f3n laboral\/trata de personas); se incautaron dispositivos m\u00f3viles y un colectivo. Se dio intervenci\u00f3n a la Direcci\u00f3n de Ni\u00f1ez, Adolescencia y Familia, y al Registro Nacional de Trabajadores Rurales (RUNATRE), quienes se entrevistaron con las presuntas v\u00edctimas, de las cuales 11 mayores de edad y cuatro menores, fueron rescatados.<\/p>\n\n\n\n<p>Interviene en la causa el Juzgado Federal N\u00b0 2 de San Juan, Secretar\u00eda Penal N\u00b0 5<\/p>\n","protected":false},"excerpt":{"rendered":"<p>Tras una denuncia, el Magistrado interviniente dispuso que los gendarmes investiguen y registren el lugar. Los funcionarios detectaron que en una finca conviv\u00edan 26 personas en condiciones de hacinamiento. Una mujer y dos hombres, quedaron detenidos. Ayer, efectivos de la Unidad de Investigaciones de Delitos Complejos y Procedimientos Judiciales \u201cSan Juan\u201d, en conjunto con integrantes [&hellip;]<\/p>\n","protected":false},"author":2,"featured_media":18894,"comment_status":"open","ping_status":"open","sticky":false,"template":"","format":"standard","meta":{"tdm_status":"","tdm_grid_status":"","_joinchat":[],"footnotes":""},"categories":[73],"tags":[],"class_list":{"0":"post-18893","1":"post","2":"type-post","3":"status-publish","4":"format-standard","5":"has-post-thumbnail","7":"category-noticias-general"},"amp_enabled":true,"_links":{"self":[{"href":"https:\/\/www.todoeldia.com\/index.php\/wp-json\/wp\/v2\/posts\/18893","targetHints":{"allow":["GET"]}}],"collection":[{"href":"https:\/\/www.todoeldia.com\/index.php\/wp-json\/wp\/v2\/posts"}],"about":[{"href":"https:\/\/www.todoeldia.com\/index.php\/wp-json\/wp\/v2\/types\/post"}],"author":[{"embeddable":true,"href":"https:\/\/www.todoeldia.com\/index.php\/wp-json\/wp\/v2\/users\/2"}],"replies":[{"embeddable":true,"href":"https:\/\/www.todoeldia.com\/index.php\/wp-json\/wp\/v2\/comments?post=18893"}],"version-history":[{"count":1,"href":"https:\/\/www.todoeldia.com\/index.php\/wp-json\/wp\/v2\/posts\/18893\/revisions"}],"predecessor-version":[{"id":18897,"href":"https:\/\/www.todoeldia.com\/index.php\/wp-json\/wp\/v2\/posts\/18893\/revisions\/18897"}],"wp:featuredmedia":[{"embeddable":true,"href":"https:\/\/www.todoeldia.com\/index.php\/wp-json\/wp\/v2\/media\/18894"}],"wp:attachment":[{"href":"https:\/\/www.todoeldia.com\/index.php\/wp-json\/wp\/v2\/media?parent=18893"}],"wp:term":[{"taxonomy":"category","embeddable":true,"href":"https:\/\/www.todoeldia.com\/index.php\/wp-json\/wp\/v2\/categories?post=18893"},{"taxonomy":"post_tag","embeddable":true,"href":"https:\/\/www.todoeldia.com\/index.php\/wp-json\/wp\/v2\/tags?post=18893"}],"curies":[{"name":"wp","href":"https:\/\/api.w.org\/{rel}","templated":true}]}}