{"id":19042,"date":"2021-03-14T11:16:12","date_gmt":"2021-03-14T14:16:12","guid":{"rendered":"https:\/\/www.todoeldia.com\/?p=19042"},"modified":"2021-03-14T11:16:13","modified_gmt":"2021-03-14T14:16:13","slug":"la-justicia-comienza-a-definir-si-amado-boudou-vuelve-a-la-carcel-o-sigue-detenido-en-su-casa","status":"publish","type":"post","link":"https:\/\/www.todoeldia.com\/index.php\/2021\/03\/14\/la-justicia-comienza-a-definir-si-amado-boudou-vuelve-a-la-carcel-o-sigue-detenido-en-su-casa\/","title":{"rendered":"La Justicia comienza a definir si Amado Boudou vuelve a la c\u00e1rcel o sigue detenido en su casa"},"content":{"rendered":"\n<p>La C\u00e1mara de Casaci\u00f3n Penal analizar\u00e1 la situaci\u00f3n del ex vicepresidente Amado Boudou, condenado por el caso Ciccone, para definir si volver\u00e1 a la c\u00e1rcel o podr\u00e1 permanecer con prisi\u00f3n domiciliaria.<\/p>\n\n\n\n<p>La C\u00e1mara de Casaci\u00f3n Penal comenzar\u00e1 a estudiar esta semana que suceder\u00e1 con la situaci\u00f3n del ex vicepresidente Amado Boudou y determinar\u00e1 si vuelve a la c\u00e1rcel o podr\u00e1 permanecer con prisi\u00f3n domiciliaria.<\/p>\n\n\n\n<p>El Tribunal debatir\u00e1 el mi\u00e9rcoles pr\u00f3ximo si da lugar al pedido planteado por el ex ministro de Econom\u00eda que busca cumplir lo que le falta de la sentencia de cinco a\u00f1os y diez meses de prisi\u00f3n en su domicilio.<\/p>\n\n\n\n<p>La audiencia ser\u00e1 virtual. A mediados de febrero pasado, el juez Ricardo Bas\u00edlico, del Tribunal Oral Federal N\u00b04, concedi\u00f3 el recurso para que la C\u00e1mara de Casaci\u00f3n revise el fallo que hab\u00eda revocado el arresto domiciliario de Boudou.<\/p>\n\n\n\n<p>Hasta el momento el ex vicepresidente Amado Boudou no pidi\u00f3 estar presente ni tampoco ser orador, por lo que se prev\u00e9 que ser\u00e1n sus abogados los que justifiquen el pedido para mantener el arresto domiciliario.<\/p>\n\n\n\n<p>A mediados de febrero pasado, el juez Ricardo Bas\u00edlico, del Tribunal Oral Federal N\u00b04, concedi\u00f3 el recurso para que la C\u00e1mara de Casaci\u00f3n revise el fallo que hab\u00eda revocado el arresto domiciliario de Boudou.<\/p>\n\n\n\n<p>La situaci\u00f3n del ex vicepresidente es desventajosa. Su condena qued\u00f3 firme luego de que la Corte Suprema de Justicia rechazara un recurso y ya no le queden otras instancias de apelaci\u00f3n en Argentina. Solo recurrir a la Corte Interamericana de Derechos Humanos (CIDH).<\/p>\n\n\n\n<p>El argumento de Boudou para mantener la prisi\u00f3n domiciliaria es que es el sost\u00e9n an\u00edmico de sus dos hijos mellizos y que est\u00e1 pronto a acceder a la salidas transitorias debido al tiempo que lleva detenido, tanto en la c\u00e1rcel como en su casa.<\/p>\n\n\n\n<p>Boudou tuvo una reducci\u00f3n de la pena por el est\u00edmulo educativo que recibi\u00f3 hace semanas por parte del juez Horacio Obligado. Si el ex vicepresidente tuviera que volver a la c\u00e1rcel, s\u00f3lo ser\u00eda por unos meses, hasta alcanzar el momento de las salidas transitorias.<\/p>\n\n\n\n<p>En la audiencia de este mi\u00e9rcoles, estar\u00e1n los jueces de la Sala IV de Casaci\u00f3n Mariano Borinsky, \u00c1ngela Ledesma y Javier Carbayo, en tanto que por la Fiscal\u00eda estar\u00e1 Javier De Luca, y los abogados de Boudou, para comenzar a analizar el caso.<\/p>\n\n\n\n<p>En juicio, el ex vicepresidente, fue acusado de cohecho y negociaciones incompatibles con la funci\u00f3n p\u00fablica. Boudou fue acusado de participar de la compra de un paquete de acciones de la empresa Ciccone Calcogr\u00e1fica a trav\u00e9s del empresario Jos\u00e9 Mar\u00eda N\u00fanez Carmona, y con la intervenci\u00f3n de la empresa The Old Fund.<\/p>\n\n\n\n<p>Boudou est\u00e1 detenido desde el a\u00f1o pasado en su casa de la localidad bonaerense de Avellaneda, y es uno de los pocos ex funcionarios kirchneristas con condena firme, al igual que los ex secretarios de Transporte Ricardo Jaime y Juan Pablo Schiavi, ambos por la tragedia ferroviaria de Once ocurrida en febrero de 2021.<\/p>\n","protected":false},"excerpt":{"rendered":"<p>La C\u00e1mara de Casaci\u00f3n Penal analizar\u00e1 la situaci\u00f3n del ex vicepresidente Amado Boudou, condenado por el caso Ciccone, para definir si volver\u00e1 a la c\u00e1rcel o podr\u00e1 permanecer con prisi\u00f3n domiciliaria. La C\u00e1mara de Casaci\u00f3n Penal comenzar\u00e1 a estudiar esta semana que suceder\u00e1 con la situaci\u00f3n del ex vicepresidente Amado Boudou y determinar\u00e1 si vuelve [&hellip;]<\/p>\n","protected":false},"author":2,"featured_media":19043,"comment_status":"open","ping_status":"open","sticky":false,"template":"","format":"standard","meta":{"tdm_status":"","tdm_grid_status":"","_joinchat":[],"footnotes":""},"categories":[59],"tags":[],"class_list":{"0":"post-19042","1":"post","2":"type-post","3":"status-publish","4":"format-standard","5":"has-post-thumbnail","7":"category-politica"},"amp_enabled":true,"_links":{"self":[{"href":"https:\/\/www.todoeldia.com\/index.php\/wp-json\/wp\/v2\/posts\/19042","targetHints":{"allow":["GET"]}}],"collection":[{"href":"https:\/\/www.todoeldia.com\/index.php\/wp-json\/wp\/v2\/posts"}],"about":[{"href":"https:\/\/www.todoeldia.com\/index.php\/wp-json\/wp\/v2\/types\/post"}],"author":[{"embeddable":true,"href":"https:\/\/www.todoeldia.com\/index.php\/wp-json\/wp\/v2\/users\/2"}],"replies":[{"embeddable":true,"href":"https:\/\/www.todoeldia.com\/index.php\/wp-json\/wp\/v2\/comments?post=19042"}],"version-history":[{"count":1,"href":"https:\/\/www.todoeldia.com\/index.php\/wp-json\/wp\/v2\/posts\/19042\/revisions"}],"predecessor-version":[{"id":19044,"href":"https:\/\/www.todoeldia.com\/index.php\/wp-json\/wp\/v2\/posts\/19042\/revisions\/19044"}],"wp:featuredmedia":[{"embeddable":true,"href":"https:\/\/www.todoeldia.com\/index.php\/wp-json\/wp\/v2\/media\/19043"}],"wp:attachment":[{"href":"https:\/\/www.todoeldia.com\/index.php\/wp-json\/wp\/v2\/media?parent=19042"}],"wp:term":[{"taxonomy":"category","embeddable":true,"href":"https:\/\/www.todoeldia.com\/index.php\/wp-json\/wp\/v2\/categories?post=19042"},{"taxonomy":"post_tag","embeddable":true,"href":"https:\/\/www.todoeldia.com\/index.php\/wp-json\/wp\/v2\/tags?post=19042"}],"curies":[{"name":"wp","href":"https:\/\/api.w.org\/{rel}","templated":true}]}}