{"id":19219,"date":"2021-03-16T18:52:23","date_gmt":"2021-03-16T21:52:23","guid":{"rendered":"https:\/\/www.todoeldia.com\/?p=19219"},"modified":"2021-03-16T18:52:25","modified_gmt":"2021-03-16T21:52:25","slug":"guillermo-coppola-en-terapia-intensiva-y-con-oxigeno","status":"publish","type":"post","link":"https:\/\/www.todoeldia.com\/index.php\/2021\/03\/16\/guillermo-coppola-en-terapia-intensiva-y-con-oxigeno\/","title":{"rendered":"Guillermo Coppola, en terapia intensiva y con ox\u00edgeno"},"content":{"rendered":"\n<p>El ex representante de Diego Maradona hab\u00eda sido internado el domingo en el Sanatorio Finocchieto por problemas respiratorios.<\/p>\n\n\n\n<p>Luego de ser internado por problemas respiratorios el pasado domingo, Guillermo Coppola fue derivado a terapia intensiva y est\u00e1 siendo asistido con ox\u00edgeno.<\/p>\n\n\n\n<p>\u201cEst\u00e1 con ox\u00edgeno, pas\u00f3 a terapia intensiva. \u00bfQu\u00e9 tiene, covid tiene o qu\u00e9?\u201d, inform\u00f3 Mauro Viale a trav\u00e9s de su programa en A24.<\/p>\n\n\n\n<p>\u201cSon balas que pican cerca\u201d, agreg\u00f3 el periodista, quien luego se\u00f1al\u00f3 que \u201ccuando habl\u00e9 el domingo estaba sonriente, con buena respiraci\u00f3n\u201d.<\/p>\n\n\n\n<p>Vale recordar que el ex representante de Diego Maradona hab\u00eda sido diagnosticado con coronavirus durante los primeros d\u00edas del a\u00f1o.<\/p>\n\n\n\n<p>\u201cMi s\u00edntoma fue 37,8 un rato, lo que no tengo es \u00e1nimo, siento como si me hubiesen golpeado, un dolor de cintura y un poco de cabeza\u201d, cont\u00f3 Coppola sobre sus s\u00edntomas en aqu\u00e9l momento.<\/p>\n\n\n\n<p>Y, si bien super\u00f3 la enfermedad sin grandes complicaciones, le habr\u00edan quedado secuelas que derivaron en su internaci\u00f3n, primero, y ahora en su traslado a terapia intensiva.<\/p>\n\n\n\n<p>Internaci\u00f3n y controles<\/p>\n\n\n\n<p>Hoy, Guillermo Coppola debi\u00f3 ser internado en el Sanatorio Finocchieto debido a dificultades respiratorias. El ex manager de Maradona dio a conocer que hab\u00eda dado positivo en COVID-19 a principios de enero y pese a haber transitado la enfermedad sin mayores complicaciones, el virus parece haber dejado secuelas en su organismo.<\/p>\n\n\n\n<p>Con su buen humor caracter\u00edstico, Guillermo habl\u00f3 sobre su internaci\u00f3n en el Sanatorio Finocchieto para realizarse estudios a lo que refiere su sistema respiratorio ya con el alta m\u00e9dica por Coronavirus tras haberlo contra\u00eddo. \u201cEstamos aqu\u00ed, haci\u00e9ndonos controles por temas respiratorios pero todo muy muy light gracias a Dios\u201d, remarc\u00f3 en el audio que trascendi\u00f3 en \u201cMauro: La Pura verdad\u201d, programa de America TV hoy por la tarde.<\/p>\n\n\n\n<p>Por su parte, el Doctor Fernando Cichero quien se desempa\u00f1a como cardi\u00f3logo y dio una entrevista en el programa del periodista, Mauro Viale explic\u00f3 las secuelas post COVID-19 a nivel respiratorio en los pacientes: \u201cEl tema de la ventilaci\u00f3n es la secuela m\u00e1s com\u00fan por ser una enfermedad respiratoria. Lo que notan muchos pacientes es que si uno est\u00e1 sentado hablando a una velocidad m\u00e1s o menos normal, no sienten s\u00edntomas de cansancio pero si salen a caminar o quieren hablar caminando, se agachan a levantar algo r\u00e1pidamente, o quieran hacer una corridita empiezan a notar que les falta el aire\u201d.<\/p>\n","protected":false},"excerpt":{"rendered":"<p>El ex representante de Diego Maradona hab\u00eda sido internado el domingo en el Sanatorio Finocchieto por problemas respiratorios. Luego de ser internado por problemas respiratorios el pasado domingo, Guillermo Coppola fue derivado a terapia intensiva y est\u00e1 siendo asistido con ox\u00edgeno. \u201cEst\u00e1 con ox\u00edgeno, pas\u00f3 a terapia intensiva. \u00bfQu\u00e9 tiene, covid tiene o qu\u00e9?\u201d, inform\u00f3 [&hellip;]<\/p>\n","protected":false},"author":2,"featured_media":19220,"comment_status":"open","ping_status":"open","sticky":false,"template":"","format":"standard","meta":{"tdm_status":"","tdm_grid_status":"","_joinchat":[],"footnotes":""},"categories":[65],"tags":[],"class_list":{"0":"post-19219","1":"post","2":"type-post","3":"status-publish","4":"format-standard","5":"has-post-thumbnail","7":"category-coronavirus"},"amp_enabled":true,"_links":{"self":[{"href":"https:\/\/www.todoeldia.com\/index.php\/wp-json\/wp\/v2\/posts\/19219","targetHints":{"allow":["GET"]}}],"collection":[{"href":"https:\/\/www.todoeldia.com\/index.php\/wp-json\/wp\/v2\/posts"}],"about":[{"href":"https:\/\/www.todoeldia.com\/index.php\/wp-json\/wp\/v2\/types\/post"}],"author":[{"embeddable":true,"href":"https:\/\/www.todoeldia.com\/index.php\/wp-json\/wp\/v2\/users\/2"}],"replies":[{"embeddable":true,"href":"https:\/\/www.todoeldia.com\/index.php\/wp-json\/wp\/v2\/comments?post=19219"}],"version-history":[{"count":1,"href":"https:\/\/www.todoeldia.com\/index.php\/wp-json\/wp\/v2\/posts\/19219\/revisions"}],"predecessor-version":[{"id":19221,"href":"https:\/\/www.todoeldia.com\/index.php\/wp-json\/wp\/v2\/posts\/19219\/revisions\/19221"}],"wp:featuredmedia":[{"embeddable":true,"href":"https:\/\/www.todoeldia.com\/index.php\/wp-json\/wp\/v2\/media\/19220"}],"wp:attachment":[{"href":"https:\/\/www.todoeldia.com\/index.php\/wp-json\/wp\/v2\/media?parent=19219"}],"wp:term":[{"taxonomy":"category","embeddable":true,"href":"https:\/\/www.todoeldia.com\/index.php\/wp-json\/wp\/v2\/categories?post=19219"},{"taxonomy":"post_tag","embeddable":true,"href":"https:\/\/www.todoeldia.com\/index.php\/wp-json\/wp\/v2\/tags?post=19219"}],"curies":[{"name":"wp","href":"https:\/\/api.w.org\/{rel}","templated":true}]}}