{"id":19530,"date":"2021-03-22T14:20:40","date_gmt":"2021-03-22T17:20:40","guid":{"rendered":"https:\/\/www.todoeldia.com\/?p=19530"},"modified":"2021-03-22T14:20:42","modified_gmt":"2021-03-22T17:20:42","slug":"murio-aplastado-por-dos-omnibus","status":"publish","type":"post","link":"https:\/\/www.todoeldia.com\/index.php\/2021\/03\/22\/murio-aplastado-por-dos-omnibus\/","title":{"rendered":"Muri\u00f3 aplastado por dos \u00f3mnibus"},"content":{"rendered":"\n<p>La Polic\u00eda trabaja en esclarecer un accidente que dej\u00f3 como saldo una v\u00edctima fatal.<\/p>\n\n\n\n<p>Ocurri\u00f3 en la tarde del domingo cuando, aparentemente, un hombre mayor de edad fue aplastado en medio de dos \u00f3mnibus.<\/p>\n\n\n\n<p>El accidente sucedi\u00f3 en 25 de Mayo y Corrientes de Embarcaci\u00f3n. M\u00e9dicos confirmaron el deceso al hombre pasdas las 7 de la tarde.<\/p>\n\n\n\n<p>Uno de ellos se encontraba estacionado y el otro su conductor hacia maniobras marcha atr\u00e1s para tambi\u00e9n para acomodar el veh\u00edculo en el lugar.<\/p>\n\n\n\n<p>La victima en determinado momento quedo atrapado por los dos \u00f3mnibus sufriendo traumatismos muy graves.<\/p>\n\n\n\n<p>Fue trasladado a al hospital de Or\u00e1n, pero debido a su gravedad falleci\u00f3 en el establecimiento asistencial.<\/p>\n\n\n\n<p>Trabajaron en el lugar la Polic\u00eda y peritos del CIF.<\/p>\n","protected":false},"excerpt":{"rendered":"<p>La Polic\u00eda trabaja en esclarecer un accidente que dej\u00f3 como saldo una v\u00edctima fatal. Ocurri\u00f3 en la tarde del domingo cuando, aparentemente, un hombre mayor de edad fue aplastado en medio de dos \u00f3mnibus. El accidente sucedi\u00f3 en 25 de Mayo y Corrientes de Embarcaci\u00f3n. M\u00e9dicos confirmaron el deceso al hombre pasdas las 7 de [&hellip;]<\/p>\n","protected":false},"author":2,"featured_media":19531,"comment_status":"open","ping_status":"open","sticky":false,"template":"","format":"standard","meta":{"tdm_status":"","tdm_grid_status":"","_joinchat":[],"footnotes":""},"categories":[73],"tags":[],"class_list":{"0":"post-19530","1":"post","2":"type-post","3":"status-publish","4":"format-standard","5":"has-post-thumbnail","7":"category-noticias-general"},"amp_enabled":true,"_links":{"self":[{"href":"https:\/\/www.todoeldia.com\/index.php\/wp-json\/wp\/v2\/posts\/19530","targetHints":{"allow":["GET"]}}],"collection":[{"href":"https:\/\/www.todoeldia.com\/index.php\/wp-json\/wp\/v2\/posts"}],"about":[{"href":"https:\/\/www.todoeldia.com\/index.php\/wp-json\/wp\/v2\/types\/post"}],"author":[{"embeddable":true,"href":"https:\/\/www.todoeldia.com\/index.php\/wp-json\/wp\/v2\/users\/2"}],"replies":[{"embeddable":true,"href":"https:\/\/www.todoeldia.com\/index.php\/wp-json\/wp\/v2\/comments?post=19530"}],"version-history":[{"count":1,"href":"https:\/\/www.todoeldia.com\/index.php\/wp-json\/wp\/v2\/posts\/19530\/revisions"}],"predecessor-version":[{"id":19532,"href":"https:\/\/www.todoeldia.com\/index.php\/wp-json\/wp\/v2\/posts\/19530\/revisions\/19532"}],"wp:featuredmedia":[{"embeddable":true,"href":"https:\/\/www.todoeldia.com\/index.php\/wp-json\/wp\/v2\/media\/19531"}],"wp:attachment":[{"href":"https:\/\/www.todoeldia.com\/index.php\/wp-json\/wp\/v2\/media?parent=19530"}],"wp:term":[{"taxonomy":"category","embeddable":true,"href":"https:\/\/www.todoeldia.com\/index.php\/wp-json\/wp\/v2\/categories?post=19530"},{"taxonomy":"post_tag","embeddable":true,"href":"https:\/\/www.todoeldia.com\/index.php\/wp-json\/wp\/v2\/tags?post=19530"}],"curies":[{"name":"wp","href":"https:\/\/api.w.org\/{rel}","templated":true}]}}