{"id":19533,"date":"2021-03-22T14:26:05","date_gmt":"2021-03-22T17:26:05","guid":{"rendered":"https:\/\/www.todoeldia.com\/?p=19533"},"modified":"2021-03-22T14:26:06","modified_gmt":"2021-03-22T17:26:06","slug":"gobernadores-y-ministros-coordinan-acciones-de-control-en-los-pasos-fronterizos-por-covid-19","status":"publish","type":"post","link":"https:\/\/www.todoeldia.com\/index.php\/2021\/03\/22\/gobernadores-y-ministros-coordinan-acciones-de-control-en-los-pasos-fronterizos-por-covid-19\/","title":{"rendered":"Gobernadores y ministros coordinan acciones de control en los pasos fronterizos por COVID-19"},"content":{"rendered":"\n<p>En la reuni\u00f3n que se realiz\u00f3 virtualmente, el Gobernador de Salta plante\u00f3 la vacunaci\u00f3n de efectivos de fuerzas nacionales que colaboran en el control de pasos ilegales y la situaci\u00f3n de los pobladores de Los Toldos que tienen uno de sus caminos de acceso por Bolivia.<\/p>\n\n\n\n<p>El gobernador Gustavo S\u00e1enz y otros 12 gobernadores cuyos territorios limitan con pa\u00edses vecinos se reunieron v\u00eda teleconferencia, con los ministros de Transporte Mario Meoni; del Interior Eduardo de Pedro; de Salud Carla Vizzotti y de Seguridad, Sabina Frederic.<\/p>\n\n\n\n<p>Los funcionarios nacionales y los gobernadores analizaron la situaci\u00f3n de los pasos fronterizos de las respectivas jurisdicciones y coordinaron acciones ante la suba de casos de contagios por coronavirus en los pa\u00edses vecinos. \u201cEs fundamental contar con corredores seguros para reducir la circulaci\u00f3n del virus en el pa\u00eds\u201d, indic\u00f3 S\u00e1enz en la oportunidad.<\/p>\n\n\n\n<p>En este marco, el mandatario salte\u00f1o record\u00f3 que Salta tiene frontera con tres pa\u00edses y para la custodia por pasos ilegales, desde el a\u00f1o pasado la Polic\u00eda de la provincia trabaja coordinadamente con efectivos de fuerzas nacionales en los controles fronterizos. Ante esto requiri\u00f3 que se contemple en la vacunaci\u00f3n del personal nacional para evitar que decaiga el recurso humano.<\/p>\n\n\n\n<p>Adem\u00e1s, el Gobernador puntualiz\u00f3 el caso de Los Toldos que tiene una de sus v\u00edas de acceso por Bolivia y cuando se requiere pasar por este territorio, las autoridades bolivianas exigen el PCR con 72 de antelaci\u00f3n.<\/p>\n\n\n\n<p>Asimismo, en la reuni\u00f3n se plante\u00f3 la necesidad de reforzar el ingreso y egreso de personas por los pasos fronterizos con Chile, Bolivia, Paraguay, Brasil y Uruguay y el flujo del transporte de carga<\/p>\n\n\n\n<p>Participaron los gobernadores de Jujuy, Gerardo Morales; de Mendoza, Rodolfo Su\u00e1rez; de Santa Cruz, Alicia Kirchner; de Neuqu\u00e9n, Omar Guti\u00e9rrez; de Catamarca, Ra\u00fal Jalil; de Formosa, Gildo Insfr\u00e1n; de San Juan, Sergio U\u00f1ac; de R\u00edo Negro, Arabela Carreras; de Chubut, Mariano Arcioni; de Entre R\u00edos, Gustavo Bordet y de La Rioja, Ricardo Quintela y Corrientes Gustavo Vald\u00e9s.<\/p>\n\n\n\n<p>Por Salta, acompa\u00f1aron al gobernador S\u00e1enz, los ministros de Gobierno, Derechos Humanos, Trabajo y Justicia Ricardo Villada; de Salud P\u00fablica, Juan Jos\u00e9 Esteban; de Seguridad, Juan Manuel Pulleiro y el representante de Relaciones Internacionales de la Provincia de Salta, Julio Argentino San Mill\u00e1n.<\/p>\n","protected":false},"excerpt":{"rendered":"<p>En la reuni\u00f3n que se realiz\u00f3 virtualmente, el Gobernador de Salta plante\u00f3 la vacunaci\u00f3n de efectivos de fuerzas nacionales que colaboran en el control de pasos ilegales y la situaci\u00f3n de los pobladores de Los Toldos que tienen uno de sus caminos de acceso por Bolivia. El gobernador Gustavo S\u00e1enz y otros 12 gobernadores cuyos [&hellip;]<\/p>\n","protected":false},"author":2,"featured_media":19534,"comment_status":"open","ping_status":"open","sticky":false,"template":"","format":"standard","meta":{"tdm_status":"","tdm_grid_status":"","_joinchat":[],"footnotes":""},"categories":[65],"tags":[],"class_list":{"0":"post-19533","1":"post","2":"type-post","3":"status-publish","4":"format-standard","5":"has-post-thumbnail","7":"category-coronavirus"},"amp_enabled":true,"_links":{"self":[{"href":"https:\/\/www.todoeldia.com\/index.php\/wp-json\/wp\/v2\/posts\/19533","targetHints":{"allow":["GET"]}}],"collection":[{"href":"https:\/\/www.todoeldia.com\/index.php\/wp-json\/wp\/v2\/posts"}],"about":[{"href":"https:\/\/www.todoeldia.com\/index.php\/wp-json\/wp\/v2\/types\/post"}],"author":[{"embeddable":true,"href":"https:\/\/www.todoeldia.com\/index.php\/wp-json\/wp\/v2\/users\/2"}],"replies":[{"embeddable":true,"href":"https:\/\/www.todoeldia.com\/index.php\/wp-json\/wp\/v2\/comments?post=19533"}],"version-history":[{"count":1,"href":"https:\/\/www.todoeldia.com\/index.php\/wp-json\/wp\/v2\/posts\/19533\/revisions"}],"predecessor-version":[{"id":19535,"href":"https:\/\/www.todoeldia.com\/index.php\/wp-json\/wp\/v2\/posts\/19533\/revisions\/19535"}],"wp:featuredmedia":[{"embeddable":true,"href":"https:\/\/www.todoeldia.com\/index.php\/wp-json\/wp\/v2\/media\/19534"}],"wp:attachment":[{"href":"https:\/\/www.todoeldia.com\/index.php\/wp-json\/wp\/v2\/media?parent=19533"}],"wp:term":[{"taxonomy":"category","embeddable":true,"href":"https:\/\/www.todoeldia.com\/index.php\/wp-json\/wp\/v2\/categories?post=19533"},{"taxonomy":"post_tag","embeddable":true,"href":"https:\/\/www.todoeldia.com\/index.php\/wp-json\/wp\/v2\/tags?post=19533"}],"curies":[{"name":"wp","href":"https:\/\/api.w.org\/{rel}","templated":true}]}}