{"id":19630,"date":"2021-03-23T12:30:06","date_gmt":"2021-03-23T15:30:06","guid":{"rendered":"https:\/\/www.todoeldia.com\/?p=19630"},"modified":"2021-03-23T12:30:07","modified_gmt":"2021-03-23T15:30:07","slug":"lindo-culito-el-de-la-becaria-jorge-lanata-y-otro-misogino-ataque-que-salio-sin-filtro-ni-criticas-por-tn","status":"publish","type":"post","link":"https:\/\/www.todoeldia.com\/index.php\/2021\/03\/23\/lindo-culito-el-de-la-becaria-jorge-lanata-y-otro-misogino-ataque-que-salio-sin-filtro-ni-criticas-por-tn\/","title":{"rendered":"&#8220;Lindo culito el de la becaria&#8221;: Jorge Lanata y otro mis\u00f3gino ataque que sali\u00f3 sin filtro (ni cr\u00edticas) por TN"},"content":{"rendered":"\n<p>El periodista se refiri\u00f3 de forma despectiva a la militante de 18 a\u00f1os de Ferraresi que fue vacunada.<\/p>\n\n\n\n<p>El periodista Jorge Lanata volvi\u00f3 a realizar un comentario mis\u00f3gino y machista sobre la militante de Avellaneda que todav\u00eda no pudo explicar por qu\u00e9 est\u00e1 vacunada contra el coronavirus (Covid-19) cuando tiene 18 a\u00f1os.<\/p>\n\n\n\n<figure class=\"wp-block-image\"><img decoding=\"async\" src=\"https:\/\/px.cdn.bigbangnews.com\/bigbang\/032021\/1616507533859\/Militante.webp?cw=1125&amp;ch=1500&amp;extw=jpg\" alt=\"Imagen\"\/><\/figure>\n\n\n\n<p>Al tratar este tema en el noticiero de la se\u00f1al de noticias TN, Lanata le pregunt\u00f3 a su compa\u00f1ero, el periodista Nicol\u00e1s Wi\u00f1azki, si hab\u00eda puesto las fotos de la \u201cbecaria\u201d del intendente en licencia de Avellaneda y actual ministro de Desarrollo Territorial y H\u00e1bitat, Jorge Ferraresi. Ante la respuesta afirmativa de su colega, Lanata lanz\u00f3 una frase mis\u00f3gina.&nbsp; \u201cDigamos la verdad, en la que est\u00e1 con la camiseta de Racing tiene un lindo culito la becaria\u201c, agreg\u00f3. Lejos de remarcar lo desafortunado de su comentario, en el estudio s\u00f3lo hubo algunas risas, pero en los reproches explotaron en las redes sociales.<\/p>\n","protected":false},"excerpt":{"rendered":"<p>El periodista se refiri\u00f3 de forma despectiva a la militante de 18 a\u00f1os de Ferraresi que fue vacunada. El periodista Jorge Lanata volvi\u00f3 a realizar un comentario mis\u00f3gino y machista sobre la militante de Avellaneda que todav\u00eda no pudo explicar por qu\u00e9 est\u00e1 vacunada contra el coronavirus (Covid-19) cuando tiene 18 a\u00f1os. Al tratar este [&hellip;]<\/p>\n","protected":false},"author":2,"featured_media":19631,"comment_status":"open","ping_status":"open","sticky":false,"template":"","format":"standard","meta":{"tdm_status":"","tdm_grid_status":"","_joinchat":[],"footnotes":""},"categories":[73],"tags":[],"class_list":{"0":"post-19630","1":"post","2":"type-post","3":"status-publish","4":"format-standard","5":"has-post-thumbnail","7":"category-noticias-general"},"amp_enabled":true,"_links":{"self":[{"href":"https:\/\/www.todoeldia.com\/index.php\/wp-json\/wp\/v2\/posts\/19630","targetHints":{"allow":["GET"]}}],"collection":[{"href":"https:\/\/www.todoeldia.com\/index.php\/wp-json\/wp\/v2\/posts"}],"about":[{"href":"https:\/\/www.todoeldia.com\/index.php\/wp-json\/wp\/v2\/types\/post"}],"author":[{"embeddable":true,"href":"https:\/\/www.todoeldia.com\/index.php\/wp-json\/wp\/v2\/users\/2"}],"replies":[{"embeddable":true,"href":"https:\/\/www.todoeldia.com\/index.php\/wp-json\/wp\/v2\/comments?post=19630"}],"version-history":[{"count":1,"href":"https:\/\/www.todoeldia.com\/index.php\/wp-json\/wp\/v2\/posts\/19630\/revisions"}],"predecessor-version":[{"id":19632,"href":"https:\/\/www.todoeldia.com\/index.php\/wp-json\/wp\/v2\/posts\/19630\/revisions\/19632"}],"wp:featuredmedia":[{"embeddable":true,"href":"https:\/\/www.todoeldia.com\/index.php\/wp-json\/wp\/v2\/media\/19631"}],"wp:attachment":[{"href":"https:\/\/www.todoeldia.com\/index.php\/wp-json\/wp\/v2\/media?parent=19630"}],"wp:term":[{"taxonomy":"category","embeddable":true,"href":"https:\/\/www.todoeldia.com\/index.php\/wp-json\/wp\/v2\/categories?post=19630"},{"taxonomy":"post_tag","embeddable":true,"href":"https:\/\/www.todoeldia.com\/index.php\/wp-json\/wp\/v2\/tags?post=19630"}],"curies":[{"name":"wp","href":"https:\/\/api.w.org\/{rel}","templated":true}]}}