{"id":19895,"date":"2021-03-26T15:30:17","date_gmt":"2021-03-26T18:30:17","guid":{"rendered":"https:\/\/www.todoeldia.com\/?p=19895"},"modified":"2021-03-26T15:30:18","modified_gmt":"2021-03-26T18:30:18","slug":"la-policia-de-salta-celebro-196-anos-de-su-creacion","status":"publish","type":"post","link":"https:\/\/www.todoeldia.com\/index.php\/2021\/03\/26\/la-policia-de-salta-celebro-196-anos-de-su-creacion\/","title":{"rendered":"La Polic\u00eda de Salta celebr\u00f3 196 a\u00f1os de su creaci\u00f3n"},"content":{"rendered":"\n<p>El acto central fue presidido por el vicegobernador, Antonio Marocco, el ministro de Seguridad, Juan Manuel Pulleiro, el secretario de Seguridad, Benjam\u00edn Cruz y el jefe de Polic\u00eda, Jos\u00e9 Ibarra. Todos enfatizaron en el trabajo de seguridad sanitaria que realizan los polic\u00edas desde que inici\u00f3 la pandemia.<\/p>\n\n\n\n<p>Hoy se conmemora el 196\u00b0 aniversario de la creaci\u00f3n de la Polic\u00eda de Salta, en este contexto se realizaron distintas actividades protocolares con autoridades policiales y de la Provincia.&nbsp; A primera hora llev\u00f3 a cabo el izamiento de banderas y la ceremonia religiosa.<\/p>\n\n\n\n<p>El acto central y desfile tradicional se realiz\u00f3 al pie del monumento al General Mart\u00edn Miguel de G\u00fcemes. Fue presidido por el vicegobernador de la Provincia, Antonio Marocco, el ministro de Seguridad, Juan Manuel Pulleiro, el secretario de Seguridad, Benjam\u00edn Cruz, el jefe de Polic\u00eda, Jos\u00e9 Ibarra y la subjefa de Polic\u00eda, Adriana Herrera.<\/p>\n\n\n\n<p>Acto.<\/p>\n\n\n\n<p>En la oportunidad el Ministro de Seguridad&nbsp; destac\u00f3 el profesionalismo y la capacidad de los polic\u00edas para adaptarse a los distintos contextos adversos en los que presta servicio a la comunidad, enfatizando en el trabajo de seguridad sanitaria que realizan desde que inici\u00f3 la pandemia \u201cdemostrando vocaci\u00f3n de servicio, valor y entrega por los salte\u00f1os\u201d exponi\u00e9ndose al riesgo sanitario por proteger a la comunidad.<\/p>\n\n\n\n<p>El Jefe de Polic\u00eda transmiti\u00f3 un emotivo saludo a toda la familia policial haciendo extensivo el agradecimiento a quienes ya no est\u00e1n en actividad y contin\u00faan siendo ejemplo de honor y valor para la Instituci\u00f3n. Especialmente homenaje\u00f3 a los camaradas ca\u00eddos por la pandemia, en el cumplimiento del deber y envi\u00f3 un afectuoso saludo a los deudos.<\/p>\n\n\n\n<p>Durante la ceremonia se destac\u00f3 el trabajo policial preventivo y de seguridad integral que los polic\u00edas realizan, no solo en la persecuci\u00f3n del delito sino tambi\u00e9n en el resguardo de la salud p\u00fablica de la provincia.<\/p>\n\n\n\n<p>Participaron del acto, el presidente de la Corte de Justicia de Salta, Guillermo Catalano, autoridades del Ministerio y de la Secretar\u00eda de Seguridad, autoridades de la Polic\u00eda de Salta, representantes de las fuerzas nacionales, invitados especiales, polic\u00edas y familiares.<\/p>\n","protected":false},"excerpt":{"rendered":"<p>El acto central fue presidido por el vicegobernador, Antonio Marocco, el ministro de Seguridad, Juan Manuel Pulleiro, el secretario de Seguridad, Benjam\u00edn Cruz y el jefe de Polic\u00eda, Jos\u00e9 Ibarra. Todos enfatizaron en el trabajo de seguridad sanitaria que realizan los polic\u00edas desde que inici\u00f3 la pandemia. Hoy se conmemora el 196\u00b0 aniversario de la [&hellip;]<\/p>\n","protected":false},"author":2,"featured_media":19896,"comment_status":"open","ping_status":"open","sticky":false,"template":"","format":"standard","meta":{"tdm_status":"","tdm_grid_status":"","_joinchat":[],"footnotes":""},"categories":[63],"tags":[],"class_list":{"0":"post-19895","1":"post","2":"type-post","3":"status-publish","4":"format-standard","5":"has-post-thumbnail","7":"category-policiales"},"amp_enabled":true,"_links":{"self":[{"href":"https:\/\/www.todoeldia.com\/index.php\/wp-json\/wp\/v2\/posts\/19895","targetHints":{"allow":["GET"]}}],"collection":[{"href":"https:\/\/www.todoeldia.com\/index.php\/wp-json\/wp\/v2\/posts"}],"about":[{"href":"https:\/\/www.todoeldia.com\/index.php\/wp-json\/wp\/v2\/types\/post"}],"author":[{"embeddable":true,"href":"https:\/\/www.todoeldia.com\/index.php\/wp-json\/wp\/v2\/users\/2"}],"replies":[{"embeddable":true,"href":"https:\/\/www.todoeldia.com\/index.php\/wp-json\/wp\/v2\/comments?post=19895"}],"version-history":[{"count":1,"href":"https:\/\/www.todoeldia.com\/index.php\/wp-json\/wp\/v2\/posts\/19895\/revisions"}],"predecessor-version":[{"id":19897,"href":"https:\/\/www.todoeldia.com\/index.php\/wp-json\/wp\/v2\/posts\/19895\/revisions\/19897"}],"wp:featuredmedia":[{"embeddable":true,"href":"https:\/\/www.todoeldia.com\/index.php\/wp-json\/wp\/v2\/media\/19896"}],"wp:attachment":[{"href":"https:\/\/www.todoeldia.com\/index.php\/wp-json\/wp\/v2\/media?parent=19895"}],"wp:term":[{"taxonomy":"category","embeddable":true,"href":"https:\/\/www.todoeldia.com\/index.php\/wp-json\/wp\/v2\/categories?post=19895"},{"taxonomy":"post_tag","embeddable":true,"href":"https:\/\/www.todoeldia.com\/index.php\/wp-json\/wp\/v2\/tags?post=19895"}],"curies":[{"name":"wp","href":"https:\/\/api.w.org\/{rel}","templated":true}]}}