{"id":19925,"date":"2021-03-26T21:02:54","date_gmt":"2021-03-27T00:02:54","guid":{"rendered":"https:\/\/www.todoeldia.com\/?p=19925"},"modified":"2021-03-26T21:02:55","modified_gmt":"2021-03-27T00:02:55","slug":"convenios-entre-saenz-y-arroyo-para-infraestructura-sociourbana-en-154-barrios-populares-de-18-municipios-saltenos","status":"publish","type":"post","link":"https:\/\/www.todoeldia.com\/index.php\/2021\/03\/26\/convenios-entre-saenz-y-arroyo-para-infraestructura-sociourbana-en-154-barrios-populares-de-18-municipios-saltenos\/","title":{"rendered":"Convenios entre S\u00e1enz y Arroyo para infraestructura sociourbana en 154 barrios populares de 18 municipios salte\u00f1os"},"content":{"rendered":"\n<p>El Gobernador de Salta y el Ministro de Desarrollo Social de Naci\u00f3n firmaron los acuerdos por el que se har\u00e1n obras para agua potable, luz el\u00e9ctrica, cloacas, pavimento, cord\u00f3n cuneta, veredas, polideportivos, SUM, espacios verdes y equipamiento y mejora de espacios sociales. Adem\u00e1s acordaron fortalecer las pol\u00edticas alimentarias.<\/p>\n\n\n\n<p>El gobernador Gustavo S\u00e1enz y el ministro de Desarrollo Social de la Naci\u00f3n Daniel Arroyo firmaron convenios para la implementaci\u00f3n de Proyectos de Integraci\u00f3n Socio Urbana para Barrios Populares.<\/p>\n\n\n\n<p>Otro de los convenios se refiere a la universalizaci\u00f3n de la educaci\u00f3n inicial con una inversi\u00f3n aproximada de $428 millones.<\/p>\n\n\n\n<p>Adem\u00e1s, otro acuerdo se refiere a la extensi\u00f3n del apoyo a las personas con celiaqu\u00eda con&nbsp; $3000, con el mismo sistema que Tarjeta Alimentar y el \u00faltimo&nbsp; es el convenio de ejecuci\u00f3n del &#8220;Plan nacional Argentina contra el hambre y plan nacional de seguridad alimentaria.<\/p>\n\n\n\n<p>Por este \u00faltimo se financiar\u00e1n acciones tendientes a garantizar la seguridad alimentaria de personas en condici\u00f3n de vulnerabilidad social en la provincia.<\/p>\n\n\n\n<p>Durante la firma de los convenios, seguida virtualmente por intendentes de los&nbsp; municipios beneficiados, el Gobernador agradeci\u00f3 al Ministro por el continuo acompa\u00f1amiento para llevar a cada salte\u00f1o las soluciones necesarias.<\/p>\n\n\n\n<p>\u201cComenzamos a diagramar las pol\u00edticas p\u00fablicas en cuanto acci\u00f3n social y nos toc\u00f3 mostrar realidades tristes pero lo hicimos con la certeza de que encontrar\u00edamos una soluci\u00f3n. Se hizo un gran trabajo junto a organizaciones sociales, Cruz Roja, ONU, UNICEF; hemos mejorado la situaci\u00f3n\u201d, expres\u00f3 el mandatario y agreg\u00f3 \u201cqueda a\u00fan m\u00e1s por hacer\u201d.<\/p>\n\n\n\n<p>Destac\u00f3 el continuo acompa\u00f1amiento del Gobierno nacional, citando como ejemplo que esta semana Salta recibi\u00f3 a 2 ministros del gabinete, como prueba de que \u201cel federalismo se hace recorriendo el terreno, conociendo la realidad\u201d.<\/p>\n\n\n\n<p>El Gobernador se\u00f1al\u00f3 que el federalismo tambi\u00e9n se concreta en las gestiones de la provincia hacia el interior: \u201cvamos a lograr que la gente&nbsp; viva dignamente. Somos un gobierno federal que le garantiza a cada pueblo de nuestra provincia que podr\u00e1n crecer con igualdad de oportunidades, sin importar el lugar en donde vivan\u201d.<\/p>\n\n\n\n<p>El ministro de Desarrollo Social, Daniel Arroyo, se refiri\u00f3 a los recorridos realizados en Salta, en sus lugares m\u00e1s cr\u00edticos. Destac\u00f3 el trabajo articulado entre Naci\u00f3n y Provincia para implementar pol\u00edticas sociales en beneficio de los salte\u00f1os y la labor que lleva adelante en territorio el gabinete provincial.<\/p>\n\n\n\n<p>Arroyo resumi\u00f3 sus actividades durante su estad\u00eda e indic\u00f3 que la tarea que \u201clos argentinos tenemos es que los chicos vayan al jard\u00edn, a sala de 3, 4 y 5 y si los pap\u00e1s trabajan, los chicos puedan ir a un maternal\u201d.<\/p>\n\n\n\n<p>Adelant\u00f3 que junto a la Provincia se&nbsp; ejecutan 32 obras de remodelaci\u00f3n de jardines, se construyen 2 nuevos jardines comunitarios; el Ministerio de Obras P\u00fablicas realizar\u00e1 18 m\u00e1s,&nbsp; llegaremos a m\u00e1s de 2200 chicos en 23 municipios. \u201cNuestra tarea es que todos los chicos y chicas vayan al jard\u00edn\u201d.<\/p>\n\n\n\n<p>El convenio que se firm\u00f3 es por $428 millones para remodelar, extender y lograr que todos los chicos y chicas est\u00e9n en el jard\u00edn. \u201cSi queremos reducir la pobreza tenemos que lograr que todos los chicos vayan al jard\u00edn por lo que mi tarea es crear 800 jardines en todo el pa\u00eds, llevamos 269\u201d.<\/p>\n\n\n\n<p>En cuanto a lo alimentario, el funcionario nacional se\u00f1al\u00f3 que se tienen 2 objetivos: mejorar la nutrici\u00f3n, leche, carne verdura, por lo que se aument\u00f3 un 50 por ciento el monto de la tarjeta alimentar; \u201cporque un chico que come bien, va aprender bien y tener mejores oportunidades\u201d. Y segundo vamos a extender el apoyo a las personas con celiaqu\u00eda, que requieren de un acompa\u00f1amiento del Estado porque consumen alimentos m\u00e1s caros.<\/p>\n\n\n\n<p>El convenio marco para la implementaci\u00f3n de Proyectos de Integraci\u00f3n Socio Urbana para Barrios Populares se hace a partir del programa &#8220;Argentina unida por la Integraci\u00f3n de los barrios populares&#8221; con el objeto de contribuir al financiamiento de Proyectos de Integraci\u00f3n Socio Urbana para los barrios censados por el Registro Nacional de Barrios Populares en Proceso de Integraci\u00f3n Urbana (Renabap). Este programa tiene por objetivo asistir financieramente a Provincia, municipios, cooperativas y asociaciones civiles para implementar proyectos de Integraci\u00f3n Socio Urbana.<\/p>\n\n\n\n<p>El acuerdo firmado tiene por objeto el establecimiento de relaciones de cooperaci\u00f3n para realizar en conjunto acciones, proyectos y actividades que ser\u00e1n instrumentados mediante Convenios Espec\u00edficos, los que contendr\u00e1n los objetivos y tareas a realizar, obligaciones y responsabilidades, descripci\u00f3n de los recursos necesarios y fuentes de financiamiento.<\/p>\n\n\n\n<p>De esta manera se desarrollar\u00e1n, en el marco del programa, diversas obras en los 154 barrios populares que se encuentran en el registro, tras haber sido censados hasta el a\u00f1o 2016.<\/p>\n\n\n\n<p>En Salta hay 154 barrios populares formalmente registrados por Renabap en 18 municipios por lo que se est\u00e1 ante la oportunidad de mejorar la calidad de vida de much\u00edsimas personas. Desde la Provincia hay un equipo ya trabajando con las intendencias para intermediar en todo lo necesario para la evaluaci\u00f3n de factibilidad en la presentaci\u00f3n de carpetas.<\/p>\n\n\n\n<p>En este contexto, ya fueron presentadas ocho carpetas en la secretar\u00eda de Integraci\u00f3n Socio Urbana para la intervenci\u00f3n en barrios de Or\u00e1n, Tartagal, Rosario de Lerma, General G\u00fcemes y Rosario de la Frontera en una modalidad de trabajo participativo con la gente ya que las obras de urbanizaci\u00f3n se adjudicar\u00e1n a cooperativas de trabajo o grupos de la econom\u00eda popular, preferentemente integrados por los mismos vecinos de los barrios, adem\u00e1s de que se articula con todos los equipos t\u00e9cnicos de los municipios.<\/p>\n\n\n\n<p>El programa Argentina Unida por la Integraci\u00f3n de los Barrios Populares tiene una primera l\u00ednea que consiste en la ejecuci\u00f3n de obras tempranas para la provisi\u00f3n de agua potable, luz el\u00e9ctrica, cloacas, pavimento, cord\u00f3n cuneta, veredas, polideportivos, SUM, espacios verdes y equipamiento y mejora de espacios sociales.<\/p>\n\n\n\n<p>La firma con el ministerio de Desarrollo Social de Naci\u00f3n tiene su fundamento en la Ley de Ministerios N\u00b0 22.520, que establece en su art\u00edculo 23 bis que el Ministerio de Desarrollo Social tiene como competencia todo lo inherente a la pol\u00edtica social en diversas orientaciones, adem\u00e1s de lo relativo al acceso a la vivienda y el h\u00e1bitat dignos y a la integraci\u00f3n socio urbana.<\/p>\n\n\n\n<p>Para cel\u00edacos<\/p>\n\n\n\n<p>S\u00e1enz y Arroyo tambi\u00e9n firmaron un convenio para financiar acciones tendientes a mejorar la calidad de vida de personas en situaci\u00f3n de vulnerabilidad social con diagn\u00f3stico de celiaqu\u00eda, en el marco del Plan Nacional de Seguridad Alimentaria.<\/p>\n\n\n\n<p>Este convenio permitir\u00e1 que beneficiarios del programa de Cel\u00edacos contin\u00faen percibiendo $3000, con el mismo sistema que Tarjeta Alimentar, para la compra de alimentos libre de gluten y de esa manera contribuir a mejorar y complementar su alimentaci\u00f3n fortaleciendo la correcta selecci\u00f3n de alimentos permitidos.<\/p>\n\n\n\n<p>Desde el Ministerio de Desarrollo Social de la Provincia se trabajar\u00e1 coordinadamente con autoridades del Plan Nacional de Seguridad Alimentaria, que dispone el env\u00edo de la totalidad de los fondos por parte del Estado nacional, siendo la Provincia la encargada de definir las acciones complementarias como contraprestaci\u00f3n.<\/p>\n\n\n\n<p>Por su parte, la Subsecretar\u00eda de Pol\u00edticas Alimentarias del Ministerio de Desarrollo de la Provincia, en forma articulada con los municipios continuar\u00e1 brindando capacitaciones y talleres sobre educaci\u00f3n alimentaria y nutricional, preparaciones econ\u00f3micas y orientaciones de compra a beneficiarios de la tarjeta.<\/p>\n\n\n\n<p>Actualmente, el padr\u00f3n de beneficiarios en Salta alcanza los 700 titulares de derecho de al menos 45 municipios, n\u00famero que se alcanz\u00f3 con los beneficiarios existentes y con la incorporaci\u00f3n de nuevos pedidos de ingresos realizados ante \u00e1reas sociales municipales.<\/p>\n\n\n\n<p>Son beneficiarias del programa personas que tienen celiaqu\u00eda diagnosticada con estudio de biopsia intestinal, certificaci\u00f3n m\u00e9dica y no cuenten con cobertura de obra social. El mismo es incompatible con otros beneficios sociales, como AUH o Tarjeta Alimentar, entre otros.<\/p>\n","protected":false},"excerpt":{"rendered":"<p>El Gobernador de Salta y el Ministro de Desarrollo Social de Naci\u00f3n firmaron los acuerdos por el que se har\u00e1n obras para agua potable, luz el\u00e9ctrica, cloacas, pavimento, cord\u00f3n cuneta, veredas, polideportivos, SUM, espacios verdes y equipamiento y mejora de espacios sociales. Adem\u00e1s acordaron fortalecer las pol\u00edticas alimentarias. El gobernador Gustavo S\u00e1enz y el ministro [&hellip;]<\/p>\n","protected":false},"author":2,"featured_media":19926,"comment_status":"open","ping_status":"open","sticky":false,"template":"","format":"standard","meta":{"tdm_status":"","tdm_grid_status":"","_joinchat":[],"footnotes":""},"categories":[73],"tags":[],"class_list":{"0":"post-19925","1":"post","2":"type-post","3":"status-publish","4":"format-standard","5":"has-post-thumbnail","7":"category-noticias-general"},"amp_enabled":true,"_links":{"self":[{"href":"https:\/\/www.todoeldia.com\/index.php\/wp-json\/wp\/v2\/posts\/19925","targetHints":{"allow":["GET"]}}],"collection":[{"href":"https:\/\/www.todoeldia.com\/index.php\/wp-json\/wp\/v2\/posts"}],"about":[{"href":"https:\/\/www.todoeldia.com\/index.php\/wp-json\/wp\/v2\/types\/post"}],"author":[{"embeddable":true,"href":"https:\/\/www.todoeldia.com\/index.php\/wp-json\/wp\/v2\/users\/2"}],"replies":[{"embeddable":true,"href":"https:\/\/www.todoeldia.com\/index.php\/wp-json\/wp\/v2\/comments?post=19925"}],"version-history":[{"count":1,"href":"https:\/\/www.todoeldia.com\/index.php\/wp-json\/wp\/v2\/posts\/19925\/revisions"}],"predecessor-version":[{"id":19927,"href":"https:\/\/www.todoeldia.com\/index.php\/wp-json\/wp\/v2\/posts\/19925\/revisions\/19927"}],"wp:featuredmedia":[{"embeddable":true,"href":"https:\/\/www.todoeldia.com\/index.php\/wp-json\/wp\/v2\/media\/19926"}],"wp:attachment":[{"href":"https:\/\/www.todoeldia.com\/index.php\/wp-json\/wp\/v2\/media?parent=19925"}],"wp:term":[{"taxonomy":"category","embeddable":true,"href":"https:\/\/www.todoeldia.com\/index.php\/wp-json\/wp\/v2\/categories?post=19925"},{"taxonomy":"post_tag","embeddable":true,"href":"https:\/\/www.todoeldia.com\/index.php\/wp-json\/wp\/v2\/tags?post=19925"}],"curies":[{"name":"wp","href":"https:\/\/api.w.org\/{rel}","templated":true}]}}