{"id":19969,"date":"2021-03-29T15:20:28","date_gmt":"2021-03-29T18:20:28","guid":{"rendered":"https:\/\/www.todoeldia.com\/?p=19969"},"modified":"2021-03-29T15:20:29","modified_gmt":"2021-03-29T18:20:29","slug":"juicio-contra-el-abuelo-acusado-de-abusar-de-cuatro-nietas","status":"publish","type":"post","link":"https:\/\/www.todoeldia.com\/index.php\/2021\/03\/29\/juicio-contra-el-abuelo-acusado-de-abusar-de-cuatro-nietas\/","title":{"rendered":"Juicio contra el abuelo acusado de abusar de cuatro nietas"},"content":{"rendered":"\n<p>El fiscal penal 2 de la Unidad de Delitos contra la Integridad Sexual, Rodrigo Gonz\u00e1lez Miralpeix, requiri\u00f3 ante el Juzgado de Garant\u00edas 7, la elevaci\u00f3n a juicio de la causa que tiene como imputado a un hombre de 79 a\u00f1os, acusado de abusar sexualmente de cuatro menores.<\/p>\n\n\n\n<p>El septuagenario fue imputado por los delitos de abuso sexual gravemente ultrajante por su duraci\u00f3n y circunstancias de su realizaci\u00f3n, agravado por el v\u00ednculo, la convivencia y la guarda; exhibiciones obscenas agravadas y corrupci\u00f3n de menores agravada, todo en concurso real, en perjuicio de las 4 menores.<\/p>\n\n\n\n<p>El acusado, es abuelo paterno de las damnificadas, y perpetr\u00f3 severos ultrajes contra la libertad y dignidad sexual de las v\u00edctimas.<\/p>\n\n\n\n<p>Las actuaciones del fiscal penal Gonz\u00e1lez Miralpeix, iniciaron tras la denuncia radicada en la Comisar\u00eda 2 de la Ciudad de Salta por la madre de una las v\u00edctimas, luego de que la joven, de 13 a\u00f1os en ese momento, pudiera contarle en junio de 2020 sobre los diversos abusos sufridos.<\/p>\n\n\n\n<p>La v\u00edctima le dijo a su madre que sent\u00eda temor de contarle lo sucedido y le manifest\u00f3 que no era la primera vez que ocurr\u00edan este tipo de actos, ya que cuando era m\u00e1s chica, el acusado ya hab\u00eda sometido a tocamientos, pero le avergonzaba contarlo.<\/p>\n","protected":false},"excerpt":{"rendered":"<p>El fiscal penal 2 de la Unidad de Delitos contra la Integridad Sexual, Rodrigo Gonz\u00e1lez Miralpeix, requiri\u00f3 ante el Juzgado de Garant\u00edas 7, la elevaci\u00f3n a juicio de la causa que tiene como imputado a un hombre de 79 a\u00f1os, acusado de abusar sexualmente de cuatro menores. El septuagenario fue imputado por los delitos de [&hellip;]<\/p>\n","protected":false},"author":2,"featured_media":19970,"comment_status":"open","ping_status":"open","sticky":false,"template":"","format":"standard","meta":{"tdm_status":"","tdm_grid_status":"","_joinchat":[],"footnotes":""},"categories":[1],"tags":[],"class_list":{"0":"post-19969","1":"post","2":"type-post","3":"status-publish","4":"format-standard","5":"has-post-thumbnail","7":"category-sin-categoria"},"amp_enabled":true,"_links":{"self":[{"href":"https:\/\/www.todoeldia.com\/index.php\/wp-json\/wp\/v2\/posts\/19969","targetHints":{"allow":["GET"]}}],"collection":[{"href":"https:\/\/www.todoeldia.com\/index.php\/wp-json\/wp\/v2\/posts"}],"about":[{"href":"https:\/\/www.todoeldia.com\/index.php\/wp-json\/wp\/v2\/types\/post"}],"author":[{"embeddable":true,"href":"https:\/\/www.todoeldia.com\/index.php\/wp-json\/wp\/v2\/users\/2"}],"replies":[{"embeddable":true,"href":"https:\/\/www.todoeldia.com\/index.php\/wp-json\/wp\/v2\/comments?post=19969"}],"version-history":[{"count":1,"href":"https:\/\/www.todoeldia.com\/index.php\/wp-json\/wp\/v2\/posts\/19969\/revisions"}],"predecessor-version":[{"id":19971,"href":"https:\/\/www.todoeldia.com\/index.php\/wp-json\/wp\/v2\/posts\/19969\/revisions\/19971"}],"wp:featuredmedia":[{"embeddable":true,"href":"https:\/\/www.todoeldia.com\/index.php\/wp-json\/wp\/v2\/media\/19970"}],"wp:attachment":[{"href":"https:\/\/www.todoeldia.com\/index.php\/wp-json\/wp\/v2\/media?parent=19969"}],"wp:term":[{"taxonomy":"category","embeddable":true,"href":"https:\/\/www.todoeldia.com\/index.php\/wp-json\/wp\/v2\/categories?post=19969"},{"taxonomy":"post_tag","embeddable":true,"href":"https:\/\/www.todoeldia.com\/index.php\/wp-json\/wp\/v2\/tags?post=19969"}],"curies":[{"name":"wp","href":"https:\/\/api.w.org\/{rel}","templated":true}]}}